{"id":49104,"date":"2019-05-15T21:58:17","date_gmt":"2019-05-16T02:58:17","guid":{"rendered":"http:\/\/elinformanteperu.com\/?p=49104"},"modified":"2019-05-15T22:52:17","modified_gmt":"2019-05-16T03:52:17","slug":"the-dead-dont-die-pelicula-de-zombies-con-bill-murray-y-adam-driver-inauguro-cannes","status":"publish","type":"post","link":"https:\/\/elinformanteperu.com\/index.php\/2019\/05\/15\/the-dead-dont-die-pelicula-de-zombies-con-bill-murray-y-adam-driver-inauguro-cannes\/","title":{"rendered":"\u00abThe dead don\u2019t die\u00bb: Pel\u00edcula de zombies con Bill Murray y Adam Driver inaugur\u00f3 Cannes"},"content":{"rendered":"<p><strong><span style=\"color: #000000;\">Se inaugur\u00f3 el 72\u00ba festival de Cannes con la proyecci\u00f3n de &#8216;The Dead Don&#8217;t Die&#8217;, la pel\u00edcula de muertos vivientes del director, Jim Jarmusch, que se estrenar\u00e1 en el Per\u00fa el 22 de agosto.<\/span><\/strong><\/p>\n<p><span style=\"color: #000000;\"><strong>Lima, 15 Mayo 2019, (El Informante Per\u00fa).-<\/strong> Se inaugur\u00f3 el 72\u00ba festival de Cannes con la proyecci\u00f3n de &#8216;The Dead Don&#8217;t Die&#8217;, la pel\u00edcula de muertos vivientes de Jim Jarmusch.<\/span><\/p>\n<p><span style=\"color: #000000;\">La cinta est\u00e1 protagonizada por Bill Murray, Adam Driver, Tilda Swinton, Chlo\u00eb Sevigny, Steve Buscemi, Danny Glover, Caleb Landry Jones, Rosie Perez, Iggy Pop, Sara Driver, Carol Kane, Selena Gomez y Tom Waits.<\/span><\/p>\n<p><img fetchpriority=\"high\" decoding=\"async\" class=\"aligncenter size-full wp-image-49106\" src=\"http:\/\/elinformanteperu.com\/wp-content\/uploads\/2019\/05\/The-Dead-Dont-Die.jpg\" alt=\"\" width=\"738\" height=\"489\" srcset=\"https:\/\/elinformanteperu.com\/wp-content\/uploads\/2019\/05\/The-Dead-Dont-Die.jpg 738w, https:\/\/elinformanteperu.com\/wp-content\/uploads\/2019\/05\/The-Dead-Dont-Die-300x199.jpg 300w, https:\/\/elinformanteperu.com\/wp-content\/uploads\/2019\/05\/The-Dead-Dont-Die-128x85.jpg 128w, https:\/\/elinformanteperu.com\/wp-content\/uploads\/2019\/05\/The-Dead-Dont-Die-32x21.jpg 32w\" sizes=\"(max-width: 738px) 100vw, 738px\" \/><\/p>\n<p><span style=\"color: #000000;\">La historia nos relata la apacible Centerville, una ciudad pac\u00edfica en la que los enfrentamientos parec\u00edan ser algo inventado. Todo cambia cuando los habitantes de este lugar deben enfrentarse a una violenta horda de zombies, que ha comenzado a salir de sus f\u00e9retros con el prop\u00f3sito de provocar el caos. Un equipo de valientes comandados por Ronald Peterson (Adam Driver) y Cliff Robertson (Bill Murray) deber\u00e1n detener la amenaza.<\/span><\/p>\n<p><span style=\"color: #000000;\">Con esta pel\u00edcula, Jarmusch desea retomar el universo de los muertos vivientes en la pantalla grande. Cabe recordar que el director ya hab\u00eda realizado un largometraje de vampiros llamado: \u00abOnly lovers left alive \u00bb en el 2013.<\/span><\/p>\n<p><img decoding=\"async\" class=\"aligncenter size-full wp-image-49109\" src=\"http:\/\/elinformanteperu.com\/wp-content\/uploads\/2019\/05\/The-Dead-Dont-Die2.jpg\" alt=\"\" width=\"733\" height=\"487\" srcset=\"https:\/\/elinformanteperu.com\/wp-content\/uploads\/2019\/05\/The-Dead-Dont-Die2.jpg 733w, https:\/\/elinformanteperu.com\/wp-content\/uploads\/2019\/05\/The-Dead-Dont-Die2-300x199.jpg 300w, https:\/\/elinformanteperu.com\/wp-content\/uploads\/2019\/05\/The-Dead-Dont-Die2-128x85.jpg 128w, https:\/\/elinformanteperu.com\/wp-content\/uploads\/2019\/05\/The-Dead-Dont-Die2-32x21.jpg 32w\" sizes=\"(max-width: 733px) 100vw, 733px\" \/><\/p>\n<p><span style=\"color: #000000;\">\u00a0Jim Jarmusch inici\u00f3 su carrera en 1980 y se convirti\u00f3 en un s\u00edmbolo del cine independiente con pel\u00edcula como Stranger Than Paradise (1984), la legendaria Down by Law (1986), Mystery Train (1989) y Coffee and Cigarettes (2004).<\/span><\/p>\n<p><span style=\"color: #000000;\">The Dead don\u00b4t die, se estrenar\u00e1 en el Per\u00fa el jueves 22 de agosto.<\/span><\/p>\n<p><img decoding=\"async\" class=\"aligncenter size-full wp-image-49107\" src=\"http:\/\/elinformanteperu.com\/wp-content\/uploads\/2019\/05\/The-Dead-Dont-Die4.jpg\" alt=\"\" width=\"736\" height=\"489\" srcset=\"https:\/\/elinformanteperu.com\/wp-content\/uploads\/2019\/05\/The-Dead-Dont-Die4.jpg 736w, https:\/\/elinformanteperu.com\/wp-content\/uploads\/2019\/05\/The-Dead-Dont-Die4-300x199.jpg 300w, https:\/\/elinformanteperu.com\/wp-content\/uploads\/2019\/05\/The-Dead-Dont-Die4-128x85.jpg 128w, https:\/\/elinformanteperu.com\/wp-content\/uploads\/2019\/05\/The-Dead-Dont-Die4-32x21.jpg 32w\" sizes=\"(max-width: 736px) 100vw, 736px\" \/><\/p>\n<p><strong><span style=\"color: #000000;\">Cannes 2019<\/span><\/strong><\/p>\n<p><span style=\"color: #000000;\">El largometraje de zombis tuvo su lanzamiento mundial en el inicio del evento que se extender\u00e1 hasta el 25 de mayo, una de las citas de su tipo m\u00e1s reconocidas en el mundo.<\/span><\/p>\n<p><span style=\"color: #000000;\">Al anunciar la proyecci\u00f3n, el comit\u00e9 organizador resalt\u00f3 que la pel\u00edcula &#8216;no es solo una comedia y una subversi\u00f3n de un g\u00e9nero a veces aterrador, sino tambi\u00e9n un homenaje al s\u00e9ptimo arte&#8217;.<\/span><\/p>\n<p><span style=\"color: #000000;\">La pel\u00edcula es una de las aspirantes a la Palma de oro, principal premio otorgado en Cannes.<\/span><\/p>\n<p><span style=\"color: #000000;\">Un total de 21 filmes compiten este a\u00f1o por el galard\u00f3n, mientras el jurado estar\u00e1 presidido por el prestigioso director mexicano Alejandro Gonz\u00e1lez I\u00f1\u00e1rritu.<\/span><\/p>\n<p><img loading=\"lazy\" decoding=\"async\" class=\"aligncenter size-full wp-image-49115\" src=\"http:\/\/elinformanteperu.com\/wp-content\/uploads\/2019\/05\/The-Dead-Dont-Die1.jpg\" alt=\"\" width=\"738\" height=\"487\" srcset=\"https:\/\/elinformanteperu.com\/wp-content\/uploads\/2019\/05\/The-Dead-Dont-Die1.jpg 738w, https:\/\/elinformanteperu.com\/wp-content\/uploads\/2019\/05\/The-Dead-Dont-Die1-300x198.jpg 300w, https:\/\/elinformanteperu.com\/wp-content\/uploads\/2019\/05\/The-Dead-Dont-Die1-128x84.jpg 128w, https:\/\/elinformanteperu.com\/wp-content\/uploads\/2019\/05\/The-Dead-Dont-Die1-32x21.jpg 32w\" sizes=\"(max-width: 738px) 100vw, 738px\" \/><\/p>\n<p><span style=\"color: #000000;\">Entre los filmes en competencia se encuentra &#8216;Hab\u00eda una vez en Hollywood&#8217;, de Quentin Tarantino, con los actores Leonardo DiCaprio y Brad Pitt y considerado el largometraje m\u00e1s esperado del festival.<\/span><\/p>\n<p><span style=\"color: #000000;\">Tambi\u00e9n competir\u00e1 el director espa\u00f1ol Pedro Almod\u00f3var con su m\u00e1s reciente largometraje, &#8216;Dolor y gloria&#8217;, un trabajo introspectivo protagonizado por los reconocidos actores Antonio Banderas y Pen\u00e9lope Cruz.<\/span><\/p>\n<p><span style=\"color: #000000;\">De Am\u00e9rica Latina estar\u00e1 presente en la liza solo una pel\u00edcula brasile\u00f1a: &#8216;Bacurau&#8217;, de Kleber Mendon\u00e7a Filho y Juliano Dornelles, protagonizada por la actriz Sonia Braga.<\/span><\/p>\n<p><span style=\"color: #000000;\">Por otro lado, la actual edici\u00f3n de Cannes premiar\u00e1 con la Palma de oro de honor al actor franc\u00e9s Alain Delon, y tambi\u00e9n rendir\u00e1 homenaje a la realizadora Agnes Varda, fallecida recientemente, y que protagoniza el cartel del evento.<\/span><\/p>\n<p><img loading=\"lazy\" decoding=\"async\" class=\"aligncenter size-full wp-image-49116\" src=\"http:\/\/elinformanteperu.com\/wp-content\/uploads\/2019\/05\/The-Dead-Dont-Die3.jpg\" alt=\"\" width=\"734\" height=\"489\" srcset=\"https:\/\/elinformanteperu.com\/wp-content\/uploads\/2019\/05\/The-Dead-Dont-Die3.jpg 734w, https:\/\/elinformanteperu.com\/wp-content\/uploads\/2019\/05\/The-Dead-Dont-Die3-300x200.jpg 300w, https:\/\/elinformanteperu.com\/wp-content\/uploads\/2019\/05\/The-Dead-Dont-Die3-128x85.jpg 128w, https:\/\/elinformanteperu.com\/wp-content\/uploads\/2019\/05\/The-Dead-Dont-Die3-32x21.jpg 32w\" sizes=\"(max-width: 734px) 100vw, 734px\" \/><\/p>\n<p><span style=\"color: #000000;\">La imagen muestra a una joven Varda mientras filmaba su primera pel\u00edcula &#8216;La pointe courte&#8217;, en 1954, quien se convertir\u00eda en pionera y s\u00edmbolo del cine feminista.<\/span><\/p>\n<p><span style=\"color: #000000;\">&#8216;Como un manifiesto, en esta foto se resume toda Agnes Varda: pasi\u00f3n, audacia, travesura. Los ingredientes de una receta de una artista en libertad que se enriqueci\u00f3 constantemente&#8217;, indic\u00f3 el comit\u00e9 organizador.<\/span><\/p>\n<p><iframe title=\"The Dead Don&#039;t Die - Official Trailer (Universal Pictures) HD\" width=\"615\" height=\"346\" src=\"https:\/\/www.youtube.com\/embed\/Pf7yaOmQo6Q?feature=oembed\" frameborder=\"0\" allow=\"accelerometer; autoplay; clipboard-write; encrypted-media; gyroscope; picture-in-picture; web-share\" referrerpolicy=\"strict-origin-when-cross-origin\" allowfullscreen><\/iframe><\/p>\n","protected":false},"excerpt":{"rendered":"<p>Se inaugur\u00f3 el 72\u00ba festival de Cannes con la proyecci\u00f3n de &#8216;The Dead Don&#8217;t Die&#8217;, la pel\u00edcula de muertos vivientes del director, Jim Jarmusch, que se estrenar\u00e1 en el Per\u00fa el 22 de agosto. Lima, 15 Mayo 2019, (El Informante Per\u00fa).- Se inaugur\u00f3 el 72\u00ba festival de Cannes con la proyecci\u00f3n de &#8216;The Dead Don&#8217;t [&hellip;]<\/p>\n","protected":false},"author":1,"featured_media":49105,"comment_status":"open","ping_status":"open","sticky":false,"template":"","format":"standard","meta":{"rop_custom_images_group":[],"rop_custom_messages_group":[],"rop_publish_now":"initial","rop_publish_now_accounts":[],"rop_publish_now_history":[],"rop_publish_now_status":"pending","footnotes":""},"categories":[7],"tags":[4241,4417,1978],"class_list":["post-49104","post","type-post","status-publish","format-standard","has-post-thumbnail","hentry","category-butaca","tag-cannes-2019","tag-the-dead-dont-die","tag-uip"],"_links":{"self":[{"href":"https:\/\/elinformanteperu.com\/index.php\/wp-json\/wp\/v2\/posts\/49104","targetHints":{"allow":["GET"]}}],"collection":[{"href":"https:\/\/elinformanteperu.com\/index.php\/wp-json\/wp\/v2\/posts"}],"about":[{"href":"https:\/\/elinformanteperu.com\/index.php\/wp-json\/wp\/v2\/types\/post"}],"author":[{"embeddable":true,"href":"https:\/\/elinformanteperu.com\/index.php\/wp-json\/wp\/v2\/users\/1"}],"replies":[{"embeddable":true,"href":"https:\/\/elinformanteperu.com\/index.php\/wp-json\/wp\/v2\/comments?post=49104"}],"version-history":[{"count":5,"href":"https:\/\/elinformanteperu.com\/index.php\/wp-json\/wp\/v2\/posts\/49104\/revisions"}],"predecessor-version":[{"id":49119,"href":"https:\/\/elinformanteperu.com\/index.php\/wp-json\/wp\/v2\/posts\/49104\/revisions\/49119"}],"wp:featuredmedia":[{"embeddable":true,"href":"https:\/\/elinformanteperu.com\/index.php\/wp-json\/wp\/v2\/media\/49105"}],"wp:attachment":[{"href":"https:\/\/elinformanteperu.com\/index.php\/wp-json\/wp\/v2\/media?parent=49104"}],"wp:term":[{"taxonomy":"category","embeddable":true,"href":"https:\/\/elinformanteperu.com\/index.php\/wp-json\/wp\/v2\/categories?post=49104"},{"taxonomy":"post_tag","embeddable":true,"href":"https:\/\/elinformanteperu.com\/index.php\/wp-json\/wp\/v2\/tags?post=49104"}],"curies":[{"name":"wp","href":"https:\/\/api.w.org\/{rel}","templated":true}]}}