{"id":49083,"date":"2019-05-14T23:02:26","date_gmt":"2019-05-15T04:02:26","guid":{"rendered":"http:\/\/elinformanteperu.com\/?p=49083"},"modified":"2019-05-14T23:40:27","modified_gmt":"2019-05-15T04:40:27","slug":"susana-villaran-prision-preventiva-en-su-contra-es-ilegal-dice-su-abogado","status":"publish","type":"post","link":"https:\/\/elinformanteperu.com\/index.php\/2019\/05\/14\/susana-villaran-prision-preventiva-en-su-contra-es-ilegal-dice-su-abogado\/","title":{"rendered":"Susana Villar\u00e1n: Prisi\u00f3n preventiva en su contra es ilegal dice su abogado"},"content":{"rendered":"<p><strong><span style=\"color: #000000;\">La resoluci\u00f3n judicial que dict\u00f3 18 meses de prisi\u00f3n preventiva contra Susana Villar\u00e1n, es ilegal y contradictoria consider\u00f3 su abogado defensor, Iv\u00e1n Paredes.<\/span><\/strong><\/p>\n<p><span style=\"color: #000000;\"><strong>Lima, 14 Mayo 2019, (ANDINA).-<\/strong> La resoluci\u00f3n judicial que dict\u00f3 18 meses de prisi\u00f3n preventiva contra Susana Villar\u00e1n, es ilegal y contradictoria consider\u00f3 su abogado defensor, Iv\u00e1n Paredes.<\/span><\/p>\n<p><span style=\"color: #000000;\">As\u00ed, el letrado coment\u00f3 la decisi\u00f3n del juez Jorge Ch\u00e1vez de imponer la mencionada restrictiva contra la ex alcaldesa de Lima, por los presuntos aportes ilegales de las empresas Odebrecht y OAS a las campa\u00f1as del \u2018No\u2019 a la revocatoria y reelecci\u00f3n municipal del 2014.<\/span><\/p>\n<p><span style=\"color: #000000;\">Paredes inform\u00f3, adem\u00e1s, que le caus\u00f3 sorpresa la decisi\u00f3n del tribunal, porque bajo su punto de vista, no existe ning\u00fan nuevo elemento para dictar prisi\u00f3n preventiva.<\/span><\/p>\n<p><span style=\"color: #000000;\">\u201cNos causa sorpresa, nos parece una resoluci\u00f3n ilegal, contradictoria\u201d, afirm\u00f3 el letrado.<\/span><\/p>\n<p><img fetchpriority=\"high\" decoding=\"async\" class=\"aligncenter size-full wp-image-49060\" src=\"http:\/\/elinformanteperu.com\/wp-content\/uploads\/2019\/05\/susana-villaran-audiencia4.jpg\" alt=\"\" width=\"1800\" height=\"1200\" srcset=\"https:\/\/elinformanteperu.com\/wp-content\/uploads\/2019\/05\/susana-villaran-audiencia4.jpg 1800w, https:\/\/elinformanteperu.com\/wp-content\/uploads\/2019\/05\/susana-villaran-audiencia4-300x200.jpg 300w, https:\/\/elinformanteperu.com\/wp-content\/uploads\/2019\/05\/susana-villaran-audiencia4-768x512.jpg 768w, https:\/\/elinformanteperu.com\/wp-content\/uploads\/2019\/05\/susana-villaran-audiencia4-1024x683.jpg 1024w, https:\/\/elinformanteperu.com\/wp-content\/uploads\/2019\/05\/susana-villaran-audiencia4-128x85.jpg 128w, https:\/\/elinformanteperu.com\/wp-content\/uploads\/2019\/05\/susana-villaran-audiencia4-32x21.jpg 32w\" sizes=\"(max-width: 1800px) 100vw, 1800px\" \/><\/p>\n<p><span style=\"color: #000000;\">Asimismo, refiri\u00f3 que el audio difundido por el exfuncionario municipal Gabriel Prado no debi\u00f3 ser valorado porque a\u00fan no ha pasado por una \u201cdiligencia de audici\u00f3n\u201d.<\/span><\/p>\n<p><span style=\"color: #000000;\">Iv\u00e1n Paredes agreg\u00f3 que todo lo visto hoy ya fue valorado en su momento por el juez Manuel Chuyo Zavaleta titular del Tercer Juzgado de Investigaci\u00f3n Preparatoria Anticorrupci\u00f3n, quien dict\u00f3 comparecencia restringida contra Susana Villar\u00e1n, meses atr\u00e1s.<\/span><\/p>\n<p><span style=\"color: #000000;\">\u201cSe basa en lo que se ha visto en televisi\u00f3n, en el audio del se\u00f1or [Gabriel] Prado. Por un lado, en ning\u00fan momento [el juez] toma en cuenta que ella ha declarado que acepta que ha habido financiamiento de Odebrecht\u201d, dijo.<\/span><\/p>\n<p><span style=\"color: #000000;\">Tampoco, agreg\u00f3, tom\u00f3 en cuenta que Villar\u00e1n acept\u00f3 lo que dijo Prado en un audio que no ha sido incorporado a la carpeta [fiscal].<\/span><\/p>\n<p><span style=\"color: #000000;\">\u00ab\u00bfC\u00f3mo podemos tener resoluciones sobre audios, que est\u00e1n en la carpeta, pero que, ni siquiera ha habido diligencia de <\/span><span style=\"color: #000000;\">audici\u00f3n?\u00bb, se pregunt\u00f3.<\/span><\/p>\n<p><span style=\"color: #000000;\">\u201c[El juez] Ha tomado elementos que ya han sido valorados anteriormente, si esta es una variaci\u00f3n, tiene que ser con nuevos elementos. Todos los elementos que ha se\u00f1alado el juez fueron valorados anteriormente, esa es la sorpresa\u201d, a\u00f1adi\u00f3.<\/span><\/p>\n<p><img decoding=\"async\" class=\"aligncenter size-full wp-image-49080\" src=\"http:\/\/elinformanteperu.com\/wp-content\/uploads\/2019\/05\/susana-villaran-presa1.jpg\" alt=\"\" width=\"1800\" height=\"1200\" srcset=\"https:\/\/elinformanteperu.com\/wp-content\/uploads\/2019\/05\/susana-villaran-presa1.jpg 1800w, https:\/\/elinformanteperu.com\/wp-content\/uploads\/2019\/05\/susana-villaran-presa1-300x200.jpg 300w, https:\/\/elinformanteperu.com\/wp-content\/uploads\/2019\/05\/susana-villaran-presa1-768x512.jpg 768w, https:\/\/elinformanteperu.com\/wp-content\/uploads\/2019\/05\/susana-villaran-presa1-1024x683.jpg 1024w, https:\/\/elinformanteperu.com\/wp-content\/uploads\/2019\/05\/susana-villaran-presa1-128x85.jpg 128w, https:\/\/elinformanteperu.com\/wp-content\/uploads\/2019\/05\/susana-villaran-presa1-32x21.jpg 32w\" sizes=\"(max-width: 1800px) 100vw, 1800px\" \/><\/p>\n<p><iframe title=\"Susana Villar\u00e1n permanece en la carceleta del INPE\" width=\"615\" height=\"346\" src=\"https:\/\/www.youtube.com\/embed\/ff1HgBBhaUE?feature=oembed\" frameborder=\"0\" allow=\"accelerometer; autoplay; clipboard-write; encrypted-media; gyroscope; picture-in-picture; web-share\" referrerpolicy=\"strict-origin-when-cross-origin\" allowfullscreen><\/iframe><\/p>\n","protected":false},"excerpt":{"rendered":"<p>La resoluci\u00f3n judicial que dict\u00f3 18 meses de prisi\u00f3n preventiva contra Susana Villar\u00e1n, es ilegal y contradictoria consider\u00f3 su abogado defensor, Iv\u00e1n Paredes. Lima, 14 Mayo 2019, (ANDINA).- La resoluci\u00f3n judicial que dict\u00f3 18 meses de prisi\u00f3n preventiva contra Susana Villar\u00e1n, es ilegal y contradictoria consider\u00f3 su abogado defensor, Iv\u00e1n Paredes. As\u00ed, el letrado coment\u00f3 [&hellip;]<\/p>\n","protected":false},"author":1,"featured_media":49084,"comment_status":"open","ping_status":"open","sticky":false,"template":"","format":"standard","meta":{"rop_custom_images_group":[],"rop_custom_messages_group":[],"rop_publish_now":"initial","rop_publish_now_accounts":[],"rop_publish_now_history":[],"rop_publish_now_status":"pending","footnotes":""},"categories":[5],"tags":[4400,2494,2132,619,776],"class_list":["post-49083","post","type-post","status-publish","format-standard","has-post-thumbnail","hentry","category-actualidad-informativa","tag-gabriel-prado","tag-jose-miguel-castro","tag-oas","tag-odebrecht","tag-susana-villaran"],"_links":{"self":[{"href":"https:\/\/elinformanteperu.com\/index.php\/wp-json\/wp\/v2\/posts\/49083","targetHints":{"allow":["GET"]}}],"collection":[{"href":"https:\/\/elinformanteperu.com\/index.php\/wp-json\/wp\/v2\/posts"}],"about":[{"href":"https:\/\/elinformanteperu.com\/index.php\/wp-json\/wp\/v2\/types\/post"}],"author":[{"embeddable":true,"href":"https:\/\/elinformanteperu.com\/index.php\/wp-json\/wp\/v2\/users\/1"}],"replies":[{"embeddable":true,"href":"https:\/\/elinformanteperu.com\/index.php\/wp-json\/wp\/v2\/comments?post=49083"}],"version-history":[{"count":3,"href":"https:\/\/elinformanteperu.com\/index.php\/wp-json\/wp\/v2\/posts\/49083\/revisions"}],"predecessor-version":[{"id":49094,"href":"https:\/\/elinformanteperu.com\/index.php\/wp-json\/wp\/v2\/posts\/49083\/revisions\/49094"}],"wp:featuredmedia":[{"embeddable":true,"href":"https:\/\/elinformanteperu.com\/index.php\/wp-json\/wp\/v2\/media\/49084"}],"wp:attachment":[{"href":"https:\/\/elinformanteperu.com\/index.php\/wp-json\/wp\/v2\/media?parent=49083"}],"wp:term":[{"taxonomy":"category","embeddable":true,"href":"https:\/\/elinformanteperu.com\/index.php\/wp-json\/wp\/v2\/categories?post=49083"},{"taxonomy":"post_tag","embeddable":true,"href":"https:\/\/elinformanteperu.com\/index.php\/wp-json\/wp\/v2\/tags?post=49083"}],"curies":[{"name":"wp","href":"https:\/\/api.w.org\/{rel}","templated":true}]}}