{"id":49078,"date":"2019-05-14T23:00:11","date_gmt":"2019-05-15T04:00:11","guid":{"rendered":"http:\/\/elinformanteperu.com\/?p=49078"},"modified":"2019-05-14T23:38:11","modified_gmt":"2019-05-15T04:38:11","slug":"susana-villaran-poder-judicial-dicta-18-meses-de-prision-preventiva","status":"publish","type":"post","link":"https:\/\/elinformanteperu.com\/index.php\/2019\/05\/14\/susana-villaran-poder-judicial-dicta-18-meses-de-prision-preventiva\/","title":{"rendered":"Susana Villar\u00e1n: Poder Judicial dicta 18 meses de prisi\u00f3n preventiva"},"content":{"rendered":"<p><strong><span style=\"color: #000000;\">El juez Jorge Ch\u00e1vez, titular del Tercer Juzgado en Delitos de Corrupci\u00f3n, dict\u00f3 prisi\u00f3n preventiva por 18 meses contra la exalcaldesa de Lima, Susana Villar\u00e1n.<\/span><\/strong><\/p>\n<p><span style=\"color: #000000;\"><strong>Lima, 14 Mayo 2019, (ANDINA).-<\/strong> El juez Jorge Ch\u00e1vez, titular del Tercer Juzgado de Investigaci\u00f3n Preparatoria Especializado en Delitos de Corrupci\u00f3n, dict\u00f3 prisi\u00f3n preventiva por 18 meses contra la exalcaldesa de Lima, Susana Villar\u00e1n.<\/span><\/p>\n<p><span style=\"color: #000000;\">Ch\u00e1vez declar\u00f3 fundado el pedido del Ministerio P\u00fablico para variar la orden de comparecencia restringida que ten\u00eda Villar\u00e1n por el de prisi\u00f3n preventiva.<\/span><\/p>\n<p><span style=\"color: #000000;\">No obstante, no acept\u00f3 el plazo propuesto por la Fiscal\u00eda de 36 meses y dispuso que la exalcaldesa cumpla prisi\u00f3n preventiva solo por 18 meses.<\/span><\/p>\n<p><span style=\"color: #000000;\">El magistrado explic\u00f3 que daba ese plazo menor debido a que la investigaci\u00f3n fiscal contra Villar\u00e1n estaba ya bastante avanzada.<\/span><\/p>\n<p><span style=\"color: #000000;\">Villar\u00e1n es investigada por el Ministerio P\u00fablico por los presuntos delitos de asociaci\u00f3n il\u00edcita, cohecho pasivo propio y lavado de activos.<\/span><\/p>\n<p><span style=\"color: #000000;\">Los il\u00edcitos habr\u00edan sido cometidos luego de que Villar\u00e1n y sus allegados, entre ellos el exgerente municipal Jos\u00e9 Miguel Castro, recibieran 10 millones de d\u00f3lares de las empresas brasile\u00f1as Odebrecht y OAS para financiar la campa\u00f1a contra la revocatoria el 2013 y a favor de la reelecci\u00f3n el a\u00f1o 2014.<\/span><\/p>\n<p><img fetchpriority=\"high\" decoding=\"async\" class=\"aligncenter size-full wp-image-49080\" src=\"http:\/\/elinformanteperu.com\/wp-content\/uploads\/2019\/05\/susana-villaran-presa1.jpg\" alt=\"\" width=\"1800\" height=\"1200\" srcset=\"https:\/\/elinformanteperu.com\/wp-content\/uploads\/2019\/05\/susana-villaran-presa1.jpg 1800w, https:\/\/elinformanteperu.com\/wp-content\/uploads\/2019\/05\/susana-villaran-presa1-300x200.jpg 300w, https:\/\/elinformanteperu.com\/wp-content\/uploads\/2019\/05\/susana-villaran-presa1-768x512.jpg 768w, https:\/\/elinformanteperu.com\/wp-content\/uploads\/2019\/05\/susana-villaran-presa1-1024x683.jpg 1024w, https:\/\/elinformanteperu.com\/wp-content\/uploads\/2019\/05\/susana-villaran-presa1-128x85.jpg 128w, https:\/\/elinformanteperu.com\/wp-content\/uploads\/2019\/05\/susana-villaran-presa1-32x21.jpg 32w\" sizes=\"(max-width: 1800px) 100vw, 1800px\" \/><\/p>\n<p><span style=\"color: #000000;\">Tanto Odebrecht como OAS ten\u00edan contratos vigentes con la Municipalidad de Lima cuando entregaron los mencionados aportes econ\u00f3micos.<\/span><\/p>\n<p><span style=\"color: #000000;\">La propia exalcaldesa admiti\u00f3 el \u00faltimo s\u00e1bado que siempre supo de los aportes de ambas empresas, los cuales acept\u00f3 para evitar que la ciudad de Lima cayera en manos de la mafia que estaba tras la revocatoria. Indic\u00f3, adem\u00e1s, que lo neg\u00f3 siempre por una cuesti\u00f3n de lealtad hacia una persona.<\/span><\/p>\n<p><span style=\"color: #000000;\">En la exposici\u00f3n de su fallo, el juez Ch\u00e1vez dijo que declar\u00f3 fundado el requerimiento del Ministerio P\u00fablico debido a que hay peligro de fuga, riesgo de obstaculizaci\u00f3n de la investigaci\u00f3n, y graves elementos de convicci\u00f3n de la responsabilidad de Villar\u00e1n en los hechos imputados.<\/span><\/p>\n<p><span style=\"color: #000000;\">Al conocerse la decisi\u00f3n del juez, la fiscal \u00c1ngela Zuloaga, anunci\u00f3 que el Ministerio P\u00fablico apelar\u00e1 el fallo en lo concerniente al plazo, pues consideran necesario que la prisi\u00f3n preventiva sea de 36 meses.<\/span><\/p>\n<p><span style=\"color: #000000;\">Por su parte, Iv\u00e1n Paredez, abogado de Villar\u00e1n, confirm\u00f3 que presentar\u00e1n una apelaci\u00f3n al fallo en todos sus extremos.<\/span><\/p>\n<p><img decoding=\"async\" class=\"aligncenter size-full wp-image-49081\" src=\"http:\/\/elinformanteperu.com\/wp-content\/uploads\/2019\/05\/susana-villaran-presa2.jpg\" alt=\"\" width=\"1800\" height=\"1200\" srcset=\"https:\/\/elinformanteperu.com\/wp-content\/uploads\/2019\/05\/susana-villaran-presa2.jpg 1800w, https:\/\/elinformanteperu.com\/wp-content\/uploads\/2019\/05\/susana-villaran-presa2-300x200.jpg 300w, https:\/\/elinformanteperu.com\/wp-content\/uploads\/2019\/05\/susana-villaran-presa2-768x512.jpg 768w, https:\/\/elinformanteperu.com\/wp-content\/uploads\/2019\/05\/susana-villaran-presa2-1024x683.jpg 1024w, https:\/\/elinformanteperu.com\/wp-content\/uploads\/2019\/05\/susana-villaran-presa2-128x85.jpg 128w, https:\/\/elinformanteperu.com\/wp-content\/uploads\/2019\/05\/susana-villaran-presa2-32x21.jpg 32w\" sizes=\"(max-width: 1800px) 100vw, 1800px\" \/><\/p>\n<p><iframe title=\"Poder Judicial dicta 18 meses de prisi\u00f3n preventiva contra Susana Villar\u00e1n\" width=\"615\" height=\"346\" src=\"https:\/\/www.youtube.com\/embed\/QeVym8lU4-4?feature=oembed\" frameborder=\"0\" allow=\"accelerometer; autoplay; clipboard-write; encrypted-media; gyroscope; picture-in-picture; web-share\" referrerpolicy=\"strict-origin-when-cross-origin\" allowfullscreen><\/iframe><\/p>\n","protected":false},"excerpt":{"rendered":"<p>El juez Jorge Ch\u00e1vez, titular del Tercer Juzgado en Delitos de Corrupci\u00f3n, dict\u00f3 prisi\u00f3n preventiva por 18 meses contra la exalcaldesa de Lima, Susana Villar\u00e1n. Lima, 14 Mayo 2019, (ANDINA).- El juez Jorge Ch\u00e1vez, titular del Tercer Juzgado de Investigaci\u00f3n Preparatoria Especializado en Delitos de Corrupci\u00f3n, dict\u00f3 prisi\u00f3n preventiva por 18 meses contra la exalcaldesa [&hellip;]<\/p>\n","protected":false},"author":1,"featured_media":49079,"comment_status":"open","ping_status":"open","sticky":false,"template":"","format":"standard","meta":{"rop_custom_images_group":[],"rop_custom_messages_group":[],"rop_publish_now":"initial","rop_publish_now_accounts":[],"rop_publish_now_history":[],"rop_publish_now_status":"pending","footnotes":""},"categories":[5],"tags":[2494,2132,619,776],"class_list":["post-49078","post","type-post","status-publish","format-standard","has-post-thumbnail","hentry","category-actualidad-informativa","tag-jose-miguel-castro","tag-oas","tag-odebrecht","tag-susana-villaran"],"_links":{"self":[{"href":"https:\/\/elinformanteperu.com\/index.php\/wp-json\/wp\/v2\/posts\/49078","targetHints":{"allow":["GET"]}}],"collection":[{"href":"https:\/\/elinformanteperu.com\/index.php\/wp-json\/wp\/v2\/posts"}],"about":[{"href":"https:\/\/elinformanteperu.com\/index.php\/wp-json\/wp\/v2\/types\/post"}],"author":[{"embeddable":true,"href":"https:\/\/elinformanteperu.com\/index.php\/wp-json\/wp\/v2\/users\/1"}],"replies":[{"embeddable":true,"href":"https:\/\/elinformanteperu.com\/index.php\/wp-json\/wp\/v2\/comments?post=49078"}],"version-history":[{"count":2,"href":"https:\/\/elinformanteperu.com\/index.php\/wp-json\/wp\/v2\/posts\/49078\/revisions"}],"predecessor-version":[{"id":49092,"href":"https:\/\/elinformanteperu.com\/index.php\/wp-json\/wp\/v2\/posts\/49078\/revisions\/49092"}],"wp:featuredmedia":[{"embeddable":true,"href":"https:\/\/elinformanteperu.com\/index.php\/wp-json\/wp\/v2\/media\/49079"}],"wp:attachment":[{"href":"https:\/\/elinformanteperu.com\/index.php\/wp-json\/wp\/v2\/media?parent=49078"}],"wp:term":[{"taxonomy":"category","embeddable":true,"href":"https:\/\/elinformanteperu.com\/index.php\/wp-json\/wp\/v2\/categories?post=49078"},{"taxonomy":"post_tag","embeddable":true,"href":"https:\/\/elinformanteperu.com\/index.php\/wp-json\/wp\/v2\/tags?post=49078"}],"curies":[{"name":"wp","href":"https:\/\/api.w.org\/{rel}","templated":true}]}}