{"id":49073,"date":"2019-05-14T22:53:01","date_gmt":"2019-05-15T03:53:01","guid":{"rendered":"http:\/\/elinformanteperu.com\/?p=49073"},"modified":"2019-05-14T23:36:17","modified_gmt":"2019-05-15T04:36:17","slug":"luis-nava-dice-estar-grave-y-pide-a-juez-anular-prision-preventiva","status":"publish","type":"post","link":"https:\/\/elinformanteperu.com\/index.php\/2019\/05\/14\/luis-nava-dice-estar-grave-y-pide-a-juez-anular-prision-preventiva\/","title":{"rendered":"Luis Nava dice estar grave y pide a juez anular prisi\u00f3n preventiva"},"content":{"rendered":"<p><strong><span style=\"color: #000000;\">El exsecretario general de la Presidencia de la Rep\u00fablica, Luis Nava, pidi\u00f3 a la Primera Sala Penal de Apelaciones Nacional Permanente revocar la prisi\u00f3n preventiva por 36 meses en su contra.<\/span><\/strong><\/p>\n<p><span style=\"color: #000000;\"><strong>Lima, 14 Mayo 2019, (ANDINA).-<\/strong> El exsecretario general de la Presidencia de la Rep\u00fablica, Luis Nava, pidi\u00f3 a la Primera Sala Penal de Apelaciones Nacional Permanente revocar la prisi\u00f3n preventiva por 36 meses en su contra debido a que su estado de salud supuestamente es de gravedad.<\/span><\/p>\n<p><span style=\"color: #000000;\">Nava, cercano colaborador del expresidente Alan Garc\u00eda, particip\u00f3, v\u00eda teleconferencia, en la audiencia que revisa su apelaci\u00f3n desde el penal Miguel Castro Castro, donde se encuentra detenido en el marco de las investigaciones del caso Odebrecht.<\/span><\/p>\n<p><span style=\"color: #000000;\">Detall\u00f3 que el pasado el 15 de abril fue internado con pron\u00f3stico de preinfarto, y subray\u00f3 que tiene un marca pasos, problemas renales y dificultades para la coagulaci\u00f3n sangu\u00ednea, problemas que lo ponen en riesgo de sufrir una emergencia.<\/span><\/p>\n<p><span style=\"color: #000000;\">\u201cSi eso no es grave, qu\u00e9 es grave, sufro de prensi\u00f3n alta, tengo glucosa alta, p\u00e9rdida de visi\u00f3n en el ojo derecho soy anticoagulado, cada vez que sacan sangre me presionan, soy un adulto mayor\u201d, refiri\u00f3.<\/span><\/p>\n<p><span style=\"color: #000000;\">Argument\u00f3, adem\u00e1s, que cuenta con arraigo laboral dado su profesi\u00f3n de abogado, maestro y doctor en derecho, autor de ocho libros y diez estudios de investigaci\u00f3n, profesor titular con 42 a\u00f1os, jubilado y casado con su esposa por m\u00e1s de 49 a\u00f1os.<\/span><\/p>\n<p><span style=\"color: #000000;\">Coment\u00f3 adem\u00e1s que el exfiscal de la Naci\u00f3n, Pablo S\u00e1nchez, archiv\u00f3 una investigaci\u00f3n en su contra por desbalance patrimonial, derivado de las investigaciones que realiz\u00f3 la megacomisi\u00f3n del Congreso.<\/span><\/p>\n<p><span style=\"color: #000000;\">Nava fue detenido a pedido del Equipo Especial del Ministerio P\u00fablico por el delito de lavado de activos, luego de que Jorge Barata, exdirectivo de Odebrecht en el Per\u00fa, declar\u00f3 haberle entregado dinero para acceder a proyectos en el segundo gobierno de Alan Garc\u00eda.<\/span><\/p>\n<p><span style=\"color: #000000;\">La fiscal\u00eda le atribuye ser el testaferro de Alan Garc\u00eda, versi\u00f3n corroborada por Miguel Atala, quien asegur\u00f3 haber abierto una cuenta en Andorra, para recibir transferencia de Odebrecht, dinero que entreg\u00f3 luego al expresidente.<\/span><\/p>\n<p><span style=\"color: #000000;\">La sala judicial, que tambi\u00e9n eval\u00faa la apelaci\u00f3n de la fiscal\u00eda a la comparecencia contra Enrique Cornejo, Oswaldo Plascencia, Jorge Menacho y Ra\u00fal Torres, suspendi\u00f3 la audiencia hasta ma\u00f1ana, a las 10.00 horas.<\/span><\/p>\n<p><iframe title=\"Luis Nava pide anular prisi\u00f3n preventiva por motivos de salud\" width=\"615\" height=\"346\" src=\"https:\/\/www.youtube.com\/embed\/83YExYLo56k?feature=oembed\" frameborder=\"0\" allow=\"accelerometer; autoplay; clipboard-write; encrypted-media; gyroscope; picture-in-picture; web-share\" referrerpolicy=\"strict-origin-when-cross-origin\" allowfullscreen><\/iframe><\/p>\n","protected":false},"excerpt":{"rendered":"<p>El exsecretario general de la Presidencia de la Rep\u00fablica, Luis Nava, pidi\u00f3 a la Primera Sala Penal de Apelaciones Nacional Permanente revocar la prisi\u00f3n preventiva por 36 meses en su contra. Lima, 14 Mayo 2019, (ANDINA).- El exsecretario general de la Presidencia de la Rep\u00fablica, Luis Nava, pidi\u00f3 a la Primera Sala Penal de Apelaciones [&hellip;]<\/p>\n","protected":false},"author":1,"featured_media":49074,"comment_status":"open","ping_status":"open","sticky":false,"template":"","format":"standard","meta":{"rop_custom_images_group":[],"rop_custom_messages_group":[],"rop_publish_now":"initial","rop_publish_now_accounts":[],"rop_publish_now_history":[],"rop_publish_now_status":"pending","footnotes":""},"categories":[5],"tags":[4339,619],"class_list":["post-49073","post","type-post","status-publish","format-standard","has-post-thumbnail","hentry","category-actualidad-informativa","tag-luis-nava-guibert","tag-odebrecht"],"_links":{"self":[{"href":"https:\/\/elinformanteperu.com\/index.php\/wp-json\/wp\/v2\/posts\/49073","targetHints":{"allow":["GET"]}}],"collection":[{"href":"https:\/\/elinformanteperu.com\/index.php\/wp-json\/wp\/v2\/posts"}],"about":[{"href":"https:\/\/elinformanteperu.com\/index.php\/wp-json\/wp\/v2\/types\/post"}],"author":[{"embeddable":true,"href":"https:\/\/elinformanteperu.com\/index.php\/wp-json\/wp\/v2\/users\/1"}],"replies":[{"embeddable":true,"href":"https:\/\/elinformanteperu.com\/index.php\/wp-json\/wp\/v2\/comments?post=49073"}],"version-history":[{"count":2,"href":"https:\/\/elinformanteperu.com\/index.php\/wp-json\/wp\/v2\/posts\/49073\/revisions"}],"predecessor-version":[{"id":49090,"href":"https:\/\/elinformanteperu.com\/index.php\/wp-json\/wp\/v2\/posts\/49073\/revisions\/49090"}],"wp:featuredmedia":[{"embeddable":true,"href":"https:\/\/elinformanteperu.com\/index.php\/wp-json\/wp\/v2\/media\/49074"}],"wp:attachment":[{"href":"https:\/\/elinformanteperu.com\/index.php\/wp-json\/wp\/v2\/media?parent=49073"}],"wp:term":[{"taxonomy":"category","embeddable":true,"href":"https:\/\/elinformanteperu.com\/index.php\/wp-json\/wp\/v2\/categories?post=49073"},{"taxonomy":"post_tag","embeddable":true,"href":"https:\/\/elinformanteperu.com\/index.php\/wp-json\/wp\/v2\/tags?post=49073"}],"curies":[{"name":"wp","href":"https:\/\/api.w.org\/{rel}","templated":true}]}}