{"id":4900,"date":"2017-01-23T00:43:38","date_gmt":"2017-01-23T05:43:38","guid":{"rendered":"http:\/\/elinformanteperu.com\/?p=4900"},"modified":"2017-01-23T00:43:38","modified_gmt":"2017-01-23T05:43:38","slug":"procuraduria-anticorrupcion-viajara-a-brasil-por-caso-odebrecht","status":"publish","type":"post","link":"https:\/\/elinformanteperu.com\/index.php\/2017\/01\/23\/procuraduria-anticorrupcion-viajara-a-brasil-por-caso-odebrecht\/","title":{"rendered":"Procuradur\u00eda Anticorrupci\u00f3n viajar\u00e1 a Brasil por caso Odebrecht"},"content":{"rendered":"<p><strong>El procurador anticorrupci\u00f3n, Amado Enco, adelant\u00f3 que su despacho prepara un viaje a Brasil para tomar contacto con autoridades y periodistas de dicho pa\u00eds.<\/strong><\/p>\n<p><strong>Lima, 22 Enero 2017, (ANDINA).-<\/strong> El procurador anticorrupci\u00f3n, Amado Enco, adelant\u00f3 que su despacho prepara un viaje a Brasil para tomar contacto con autoridades y periodistas de dicho pa\u00eds que llevan a cabo investigaciones en torno al caso Odebrecht.<\/p>\n<p>\u201cDentro de las tareas pendientes est\u00e1 hacer el viaje a Brasil. Estamos preparando la agenda porque tiene que ser una visita productiva, esta es una de las acciones que la Procuradur\u00eda tiene pensado realizar\u201d, declar\u00f3 a la agencia Andina.<\/p>\n<p>El objetivo del viaje, indic\u00f3 el abogado del Estado, es buscar informaci\u00f3n relevante que permita a la Procuradur\u00eda considerar la solicitud de ampliaci\u00f3n de acciones legales y hacer una defensa efectiva de los intereses del Estado.<\/p>\n<p>Refiri\u00f3, en ese sentido, que buscar\u00e1n entrevistarse con funcionarios de la Procuradur\u00eda General del Brasil y periodistas de investigaci\u00f3n.<\/p>\n<p>La finalidad, a\u00f1adi\u00f3, es obtener colaboraci\u00f3n con miras a conseguir mejores resultados en la investigaci\u00f3n del caso Odebrecht.<\/p>\n<p>A fines de diciembre, la brasile\u00f1a Odebrecht reconoci\u00f3 ante la justicia estadounidense que entreg\u00f3 sobornos por 29 millones de d\u00f3lares a funcionarios peruanos en el periodo 2005-2014, para beneficiarse con licitaciones de obras de infraestructura.<\/p>\n<p>En el Per\u00fa, el caso es investigado por un grupo especial a cargo del fiscal Hamilton Castro y una comisi\u00f3n del Congreso encabezada por el legislador V\u00edctor Albrecht.<\/p>\n<p>La Procuradur\u00eda ha solicitado al Ministerio P\u00fablico tener acceso al acuerdo al que lleg\u00f3 con Odebrecht para que la empresa entregue informaci\u00f3n sobre los sobornos hechos a funcionarios y pague un adelanto de 30 millones de soles como devoluci\u00f3n de las ganancias il\u00edcitas que obtuvo en el Per\u00fa.<\/p>\n","protected":false},"excerpt":{"rendered":"<p>El procurador anticorrupci\u00f3n, Amado Enco, adelant\u00f3 que su despacho prepara un viaje a Brasil para tomar contacto con autoridades y periodistas de dicho pa\u00eds. Lima, 22 Enero 2017, (ANDINA).- El procurador anticorrupci\u00f3n, Amado Enco, adelant\u00f3 que su despacho prepara un viaje a Brasil para tomar contacto con autoridades y periodistas de dicho pa\u00eds que llevan [&hellip;]<\/p>\n","protected":false},"author":1,"featured_media":4901,"comment_status":"open","ping_status":"open","sticky":false,"template":"","format":"standard","meta":{"rop_custom_images_group":[],"rop_custom_messages_group":[],"rop_publish_now":"initial","rop_publish_now_accounts":[],"rop_publish_now_history":[],"rop_publish_now_status":"pending","footnotes":""},"categories":[5],"tags":[619],"class_list":["post-4900","post","type-post","status-publish","format-standard","has-post-thumbnail","hentry","category-actualidad-informativa","tag-odebrecht"],"_links":{"self":[{"href":"https:\/\/elinformanteperu.com\/index.php\/wp-json\/wp\/v2\/posts\/4900","targetHints":{"allow":["GET"]}}],"collection":[{"href":"https:\/\/elinformanteperu.com\/index.php\/wp-json\/wp\/v2\/posts"}],"about":[{"href":"https:\/\/elinformanteperu.com\/index.php\/wp-json\/wp\/v2\/types\/post"}],"author":[{"embeddable":true,"href":"https:\/\/elinformanteperu.com\/index.php\/wp-json\/wp\/v2\/users\/1"}],"replies":[{"embeddable":true,"href":"https:\/\/elinformanteperu.com\/index.php\/wp-json\/wp\/v2\/comments?post=4900"}],"version-history":[{"count":1,"href":"https:\/\/elinformanteperu.com\/index.php\/wp-json\/wp\/v2\/posts\/4900\/revisions"}],"predecessor-version":[{"id":4902,"href":"https:\/\/elinformanteperu.com\/index.php\/wp-json\/wp\/v2\/posts\/4900\/revisions\/4902"}],"wp:featuredmedia":[{"embeddable":true,"href":"https:\/\/elinformanteperu.com\/index.php\/wp-json\/wp\/v2\/media\/4901"}],"wp:attachment":[{"href":"https:\/\/elinformanteperu.com\/index.php\/wp-json\/wp\/v2\/media?parent=4900"}],"wp:term":[{"taxonomy":"category","embeddable":true,"href":"https:\/\/elinformanteperu.com\/index.php\/wp-json\/wp\/v2\/categories?post=4900"},{"taxonomy":"post_tag","embeddable":true,"href":"https:\/\/elinformanteperu.com\/index.php\/wp-json\/wp\/v2\/tags?post=4900"}],"curies":[{"name":"wp","href":"https:\/\/api.w.org\/{rel}","templated":true}]}}