{"id":4810,"date":"2017-01-22T00:14:23","date_gmt":"2017-01-22T05:14:23","guid":{"rendered":"http:\/\/elinformanteperu.com\/?p=4810"},"modified":"2017-01-22T00:14:23","modified_gmt":"2017-01-22T05:14:23","slug":"quesada-dice-que-no-hay-nada-que-vincule-a-garcia-en-caso-odebrecht","status":"publish","type":"post","link":"https:\/\/elinformanteperu.com\/index.php\/2017\/01\/22\/quesada-dice-que-no-hay-nada-que-vincule-a-garcia-en-caso-odebrecht\/","title":{"rendered":"Quesada dice que no hay nada que vincule a Garc\u00eda en caso Odebrecht"},"content":{"rendered":"<p><strong>El secretario general del Apra, Omar Quesada, sostuvo que no existe nada que vincule de manera directa al segundo gobierno de Alan Garc\u00eda con el caso Odebrecht.<\/strong><\/p>\n<p><strong>Lima, 21 Enero 2017, (ANDINA).-<\/strong> El secretario general del Apra, Omar Quesada, sostuvo que no existe nada que vincule de manera directa al segundo gobierno de Alan Garc\u00eda con el caso Odebrecht, y se mostr\u00f3 a favor de que la justicia determine responsabilidades \u201ccaiga quien caiga\u201d.<\/p>\n<p>Seg\u00fan argument\u00f3, en el r\u00e9gimen de Alejandro Toledo (2001-2006) hay \u201cevidencias y certezas\u201d, al igual que en el de Ollanta Humala (2011-2016), pero no en el de Garc\u00eda.<\/p>\n<p>\u201cEn el gobierno de Alan Garc\u00eda no hay nada que pueda vincularlo directamente, en los otros dos hay agendas, n\u00fameros y cuentas. En el gobierno de Alan Garc\u00eda no hay nada que pueda sindicarlo directamente\u201d, insisti\u00f3 Quesada en RPP.<\/p>\n<p>Sostuvo que hay quienes pueden tener sospechas en el tema, pero ser\u00e1 la justicia la que establezca las responsabilidades, algo que la gente demanda.<\/p>\n<p>Asimismo, precis\u00f3 que los exfuncionarios Edwin Luyo, hoy con detenci\u00f3n preliminar, y Jorge Cuba, exviceministro no habido, no pertenecen a su partido, y lament\u00f3 que haya habido personas que con sus acciones se traen abajo los esfuerzos para realizar obras.<\/p>\n<p>Dijo que el proceder de ambos exfuncionarios no fue advertido por las instancias correspondientes, como la Contralor\u00eda General de la Rep\u00fablica.<\/p>\n<p>Adem\u00e1s, expres\u00f3 su confianza en que el Ministerio P\u00fablico seguir\u00e1 avanzando con las investigaciones del caso Odebrecht y la justicia ser\u00e1 severa con los responsables.<\/p>\n","protected":false},"excerpt":{"rendered":"<p>El secretario general del Apra, Omar Quesada, sostuvo que no existe nada que vincule de manera directa al segundo gobierno de Alan Garc\u00eda con el caso Odebrecht. Lima, 21 Enero 2017, (ANDINA).- El secretario general del Apra, Omar Quesada, sostuvo que no existe nada que vincule de manera directa al segundo gobierno de Alan Garc\u00eda [&hellip;]<\/p>\n","protected":false},"author":1,"featured_media":4811,"comment_status":"open","ping_status":"open","sticky":false,"template":"","format":"standard","meta":{"rop_custom_images_group":[],"rop_custom_messages_group":[],"rop_publish_now":"initial","rop_publish_now_accounts":[],"rop_publish_now_history":[],"rop_publish_now_status":"pending","footnotes":""},"categories":[5],"tags":[854,619,919],"class_list":["post-4810","post","type-post","status-publish","format-standard","has-post-thumbnail","hentry","category-actualidad-informativa","tag-alan-garcia","tag-odebrecht","tag-omar-quesada"],"_links":{"self":[{"href":"https:\/\/elinformanteperu.com\/index.php\/wp-json\/wp\/v2\/posts\/4810","targetHints":{"allow":["GET"]}}],"collection":[{"href":"https:\/\/elinformanteperu.com\/index.php\/wp-json\/wp\/v2\/posts"}],"about":[{"href":"https:\/\/elinformanteperu.com\/index.php\/wp-json\/wp\/v2\/types\/post"}],"author":[{"embeddable":true,"href":"https:\/\/elinformanteperu.com\/index.php\/wp-json\/wp\/v2\/users\/1"}],"replies":[{"embeddable":true,"href":"https:\/\/elinformanteperu.com\/index.php\/wp-json\/wp\/v2\/comments?post=4810"}],"version-history":[{"count":1,"href":"https:\/\/elinformanteperu.com\/index.php\/wp-json\/wp\/v2\/posts\/4810\/revisions"}],"predecessor-version":[{"id":4812,"href":"https:\/\/elinformanteperu.com\/index.php\/wp-json\/wp\/v2\/posts\/4810\/revisions\/4812"}],"wp:featuredmedia":[{"embeddable":true,"href":"https:\/\/elinformanteperu.com\/index.php\/wp-json\/wp\/v2\/media\/4811"}],"wp:attachment":[{"href":"https:\/\/elinformanteperu.com\/index.php\/wp-json\/wp\/v2\/media?parent=4810"}],"wp:term":[{"taxonomy":"category","embeddable":true,"href":"https:\/\/elinformanteperu.com\/index.php\/wp-json\/wp\/v2\/categories?post=4810"},{"taxonomy":"post_tag","embeddable":true,"href":"https:\/\/elinformanteperu.com\/index.php\/wp-json\/wp\/v2\/tags?post=4810"}],"curies":[{"name":"wp","href":"https:\/\/api.w.org\/{rel}","templated":true}]}}