{"id":4808,"date":"2017-01-22T00:08:29","date_gmt":"2017-01-22T05:08:29","guid":{"rendered":"http:\/\/elinformanteperu.com\/?p=4808"},"modified":"2017-01-22T00:08:29","modified_gmt":"2017-01-22T05:08:29","slug":"fiscal-tiene-evidencias-que-justifican-detencion-en-caso-odebrecht-destaca-jueza","status":"publish","type":"post","link":"https:\/\/elinformanteperu.com\/index.php\/2017\/01\/22\/fiscal-tiene-evidencias-que-justifican-detencion-en-caso-odebrecht-destaca-jueza\/","title":{"rendered":"Fiscal tiene evidencias que justifican detenci\u00f3n en caso Odebrecht, destaca jueza"},"content":{"rendered":"<p><strong>El fiscal Hamilton Castro ha contado con evidencias que justifican las detenciones preliminares en el caso Odebrecht, dijo la jueza superior Susana Casta\u00f1eda.<\/strong><\/p>\n<p><strong>Lima, 21 Enero 2017, (ANDINA).-<\/strong> El fiscal Hamilton Castro ha contado con evidencias que justifican las detenciones preliminares en el caso Odebrecht y por ello el Poder Judicial dispuso esa medida, dijo la jueza superior Susana Casta\u00f1eda, coordinadora del Sistema Nacional Anticorrupci\u00f3n.<\/p>\n<p>Seg\u00fan explic\u00f3 en \u00abTV Per\u00fa\u00bb, la detenci\u00f3n preliminar se da cuando el fiscal encuentra que existen razones para ello en el marco de su investigaci\u00f3n, sumado al hecho de que el delito en cuesti\u00f3n tendr\u00eda pena mayor de cuatro a\u00f1os y la posibilidad de fuga del implicado.<\/p>\n<p>\u201cEl juez act\u00faa con evidencias que presenta el fiscal, si considera que son suficientes ordena la detenci\u00f3n judicial preliminar, que es lo que ha sucedido\u201d, sostuvo en referencia a la situaci\u00f3n de dos exfuncionarios del segundo gobierno aprista.<\/p>\n<p>Dicho arresto, a\u00f1adi\u00f3, podr\u00eda ser de hasta diez d\u00edas en el \u00e1mbito de criminalidad organizada, que ser\u00eda este caso, periodo en que el fiscal recoger\u00e1 las declaraciones del implicado que permitan complementar su indagaci\u00f3n.<\/p>\n<p>Luego de ello, se podr\u00eda disponer su libertad o formalizar investigaci\u00f3n preparatoria para que se solicite medida de prisi\u00f3n preventiva o comparecencia con restricciones, dependiendo de lo que la Fiscal\u00eda considere, coment\u00f3.<\/p>\n<p>Si se da el segundo escenario, refiri\u00f3, el juez convocar\u00e1 una audiencia p\u00fablica en un plazo de 48 horas, en la cual se escuchar\u00e1n los argumentos del Ministerio P\u00fablico y de la defensa legal del presunto implicado.<\/p>\n<p>Anoche, en el marco de las averiguaciones en el caso Odebrecht, la Polic\u00eda Nacional allan\u00f3 la casa del exviceministro de Comunicaciones Jorge Cuba, pero no lo encontr\u00f3, y detuvo al expresidente del Comit\u00e9 de Licitaci\u00f3n del Metro de Lima-L\u00ednea 1 Edwin Luyo Barrientos.<\/p>\n<p>En el caso de Cuba, Casta\u00f1eda coment\u00f3 que corresponder\u00eda dictar una orden de captura internacional y solicitar apoyo de la Interpol, al asegurar que no existen fronteras ante los delitos de corrupci\u00f3n.<\/p>\n<p>Agreg\u00f3 que, dependiendo de lo que estime el fiscal, si la acusaci\u00f3n es por colusi\u00f3n las penas van de seis a 15 a\u00f1os de prisi\u00f3n si se perjudic\u00f3 el patrimonio del Estado.<\/p>\n","protected":false},"excerpt":{"rendered":"<p>El fiscal Hamilton Castro ha contado con evidencias que justifican las detenciones preliminares en el caso Odebrecht, dijo la jueza superior Susana Casta\u00f1eda. Lima, 21 Enero 2017, (ANDINA).- El fiscal Hamilton Castro ha contado con evidencias que justifican las detenciones preliminares en el caso Odebrecht y por ello el Poder Judicial dispuso esa medida, dijo [&hellip;]<\/p>\n","protected":false},"author":1,"featured_media":3116,"comment_status":"open","ping_status":"open","sticky":false,"template":"","format":"standard","meta":{"rop_custom_images_group":[],"rop_custom_messages_group":[],"rop_publish_now":"initial","rop_publish_now_accounts":[],"rop_publish_now_history":[],"rop_publish_now_status":"pending","footnotes":""},"categories":[5],"tags":[619,163],"class_list":["post-4808","post","type-post","status-publish","format-standard","has-post-thumbnail","hentry","category-actualidad-informativa","tag-odebrecht","tag-poder-judicial"],"_links":{"self":[{"href":"https:\/\/elinformanteperu.com\/index.php\/wp-json\/wp\/v2\/posts\/4808","targetHints":{"allow":["GET"]}}],"collection":[{"href":"https:\/\/elinformanteperu.com\/index.php\/wp-json\/wp\/v2\/posts"}],"about":[{"href":"https:\/\/elinformanteperu.com\/index.php\/wp-json\/wp\/v2\/types\/post"}],"author":[{"embeddable":true,"href":"https:\/\/elinformanteperu.com\/index.php\/wp-json\/wp\/v2\/users\/1"}],"replies":[{"embeddable":true,"href":"https:\/\/elinformanteperu.com\/index.php\/wp-json\/wp\/v2\/comments?post=4808"}],"version-history":[{"count":1,"href":"https:\/\/elinformanteperu.com\/index.php\/wp-json\/wp\/v2\/posts\/4808\/revisions"}],"predecessor-version":[{"id":4809,"href":"https:\/\/elinformanteperu.com\/index.php\/wp-json\/wp\/v2\/posts\/4808\/revisions\/4809"}],"wp:featuredmedia":[{"embeddable":true,"href":"https:\/\/elinformanteperu.com\/index.php\/wp-json\/wp\/v2\/media\/3116"}],"wp:attachment":[{"href":"https:\/\/elinformanteperu.com\/index.php\/wp-json\/wp\/v2\/media?parent=4808"}],"wp:term":[{"taxonomy":"category","embeddable":true,"href":"https:\/\/elinformanteperu.com\/index.php\/wp-json\/wp\/v2\/categories?post=4808"},{"taxonomy":"post_tag","embeddable":true,"href":"https:\/\/elinformanteperu.com\/index.php\/wp-json\/wp\/v2\/tags?post=4808"}],"curies":[{"name":"wp","href":"https:\/\/api.w.org\/{rel}","templated":true}]}}