{"id":4806,"date":"2017-01-22T00:04:25","date_gmt":"2017-01-22T05:04:25","guid":{"rendered":"http:\/\/elinformanteperu.com\/?p=4806"},"modified":"2017-01-22T00:04:25","modified_gmt":"2017-01-22T05:04:25","slug":"fernando-zavala-destaca-trabajo-de-la-fiscalia-por-caso-odebrecht","status":"publish","type":"post","link":"https:\/\/elinformanteperu.com\/index.php\/2017\/01\/22\/fernando-zavala-destaca-trabajo-de-la-fiscalia-por-caso-odebrecht\/","title":{"rendered":"Fernando Zavala destaca trabajo de la fiscal\u00eda por caso Odebrecht"},"content":{"rendered":"<p><strong>El presidente del Consejo de Ministros, Fernando Zavala, destac\u00f3 el trabajo de la Fiscal\u00eda de la Naci\u00f3n a prop\u00f3sito de las primeras detenciones en el caso Odebrecht.<\/strong><\/p>\n<p><strong>Lima, 21 Enero 2017, (ANDINA).-<\/strong> El presidente del Consejo de Ministros, Fernando Zavala, destac\u00f3 el trabajo de la Fiscal\u00eda de la Naci\u00f3n a prop\u00f3sito de las primeras detenciones en el marco de las investigaciones por el caso Odebrecht.<\/p>\n<p>Mediante su cuenta Twitter, el jefe del Gabinete Ministerial ratific\u00f3 el apoyo total de su despacho al Ministerio P\u00fablico.<\/p>\n<p>Anoche se produjo la primera detenci\u00f3n del caso Odebrecht. La Polic\u00eda Nacional captur\u00f3 al expresidente del Comit\u00e9 de Licitaci\u00f3n del Metro de Lima L\u00ednea 1, Edwin Luyo Barrientos, exfuncionario del gobierno aprista.<\/p>\n<p>La fiscal\u00eda tambi\u00e9n dict\u00f3 orden de detenci\u00f3n contra el exviceministro de Comunicaciones, Jorge Cuba Hidalgo, cuyo paradero, hasta el momento se desconoce. Ayer la polic\u00eda allan\u00f3 su vivienda ubicada en San Isidro, pero no lo encontr\u00f3.<\/p>\n<p>Cuba tambi\u00e9n fue funcionario de la gesti\u00f3n aprista.<\/p>\n","protected":false},"excerpt":{"rendered":"<p>El presidente del Consejo de Ministros, Fernando Zavala, destac\u00f3 el trabajo de la Fiscal\u00eda de la Naci\u00f3n a prop\u00f3sito de las primeras detenciones en el caso Odebrecht. Lima, 21 Enero 2017, (ANDINA).- El presidente del Consejo de Ministros, Fernando Zavala, destac\u00f3 el trabajo de la Fiscal\u00eda de la Naci\u00f3n a prop\u00f3sito de las primeras detenciones [&hellip;]<\/p>\n","protected":false},"author":1,"featured_media":3101,"comment_status":"open","ping_status":"open","sticky":false,"template":"","format":"standard","meta":{"rop_custom_images_group":[],"rop_custom_messages_group":[],"rop_publish_now":"initial","rop_publish_now_accounts":[],"rop_publish_now_history":[],"rop_publish_now_status":"pending","footnotes":""},"categories":[5],"tags":[75,619],"class_list":["post-4806","post","type-post","status-publish","format-standard","has-post-thumbnail","hentry","category-actualidad-informativa","tag-fernando-zavala","tag-odebrecht"],"_links":{"self":[{"href":"https:\/\/elinformanteperu.com\/index.php\/wp-json\/wp\/v2\/posts\/4806","targetHints":{"allow":["GET"]}}],"collection":[{"href":"https:\/\/elinformanteperu.com\/index.php\/wp-json\/wp\/v2\/posts"}],"about":[{"href":"https:\/\/elinformanteperu.com\/index.php\/wp-json\/wp\/v2\/types\/post"}],"author":[{"embeddable":true,"href":"https:\/\/elinformanteperu.com\/index.php\/wp-json\/wp\/v2\/users\/1"}],"replies":[{"embeddable":true,"href":"https:\/\/elinformanteperu.com\/index.php\/wp-json\/wp\/v2\/comments?post=4806"}],"version-history":[{"count":1,"href":"https:\/\/elinformanteperu.com\/index.php\/wp-json\/wp\/v2\/posts\/4806\/revisions"}],"predecessor-version":[{"id":4807,"href":"https:\/\/elinformanteperu.com\/index.php\/wp-json\/wp\/v2\/posts\/4806\/revisions\/4807"}],"wp:featuredmedia":[{"embeddable":true,"href":"https:\/\/elinformanteperu.com\/index.php\/wp-json\/wp\/v2\/media\/3101"}],"wp:attachment":[{"href":"https:\/\/elinformanteperu.com\/index.php\/wp-json\/wp\/v2\/media?parent=4806"}],"wp:term":[{"taxonomy":"category","embeddable":true,"href":"https:\/\/elinformanteperu.com\/index.php\/wp-json\/wp\/v2\/categories?post=4806"},{"taxonomy":"post_tag","embeddable":true,"href":"https:\/\/elinformanteperu.com\/index.php\/wp-json\/wp\/v2\/tags?post=4806"}],"curies":[{"name":"wp","href":"https:\/\/api.w.org\/{rel}","templated":true}]}}