{"id":4803,"date":"2017-01-22T00:02:13","date_gmt":"2017-01-22T05:02:13","guid":{"rendered":"http:\/\/elinformanteperu.com\/?p=4803"},"modified":"2017-01-22T00:02:13","modified_gmt":"2017-01-22T05:02:13","slug":"alan-garcia-saluda-orden-de-detencion-a-exfuncionarios-de-su-gobierno","status":"publish","type":"post","link":"https:\/\/elinformanteperu.com\/index.php\/2017\/01\/22\/alan-garcia-saluda-orden-de-detencion-a-exfuncionarios-de-su-gobierno\/","title":{"rendered":"Alan Garc\u00eda saluda orden de detenci\u00f3n a exfuncionarios de su gobierno"},"content":{"rendered":"<p><strong>El expresidente Alan Garc\u00eda salud\u00f3 la orden de detenci\u00f3n contra exfuncionarios de su gobierno vinculados al pago de sobornos por parte de la empresa brasile\u00f1a Odebrecht.<\/strong><\/p>\n<p><strong>Lima, 21 Enero 2017, (ANDINA).-<\/strong> El expresidente Alan Garc\u00eda salud\u00f3 la orden de detenci\u00f3n contra exfuncionarios de su gobierno vinculados al pago de sobornos por parte de la empresa brasile\u00f1a Odebrecht.<\/p>\n<p>A trav\u00e9s de su cuenta de Twitter, el exgobernante destac\u00f3 la medida adoptada por la Fiscal\u00eda de la Naci\u00f3n y llam\u00f3 \u201cratas\u201d a los implicados, uno de ellos el expresidente del Comit\u00e9 de Licitaci\u00f3n del Metro de Lima L\u00ednea 1 Edwin Luyo Barrientos, capturado anoche por la polic\u00eda.<\/p>\n<p>Mientras que el exviceministro de Comunicaciones del gobierno aprista Jorge Cuba Hidalgo, sobre quien pesa otra orden de detenci\u00f3n, se encuentra pr\u00f3fugo. Ayer, la polic\u00eda allan\u00f3 su vivienda, ubicada en San Isidro, pero no lo encontr\u00f3.<\/p>\n","protected":false},"excerpt":{"rendered":"<p>El expresidente Alan Garc\u00eda salud\u00f3 la orden de detenci\u00f3n contra exfuncionarios de su gobierno vinculados al pago de sobornos por parte de la empresa brasile\u00f1a Odebrecht. Lima, 21 Enero 2017, (ANDINA).- El expresidente Alan Garc\u00eda salud\u00f3 la orden de detenci\u00f3n contra exfuncionarios de su gobierno vinculados al pago de sobornos por parte de la empresa [&hellip;]<\/p>\n","protected":false},"author":1,"featured_media":4804,"comment_status":"open","ping_status":"open","sticky":false,"template":"","format":"standard","meta":{"rop_custom_images_group":[],"rop_custom_messages_group":[],"rop_publish_now":"initial","rop_publish_now_accounts":[],"rop_publish_now_history":[],"rop_publish_now_status":"pending","footnotes":""},"categories":[5],"tags":[854,918,916,619],"class_list":["post-4803","post","type-post","status-publish","format-standard","has-post-thumbnail","hentry","category-actualidad-informativa","tag-alan-garcia","tag-edwin-luyo-barrientos","tag-jorge-cuba-hidalgo","tag-odebrecht"],"_links":{"self":[{"href":"https:\/\/elinformanteperu.com\/index.php\/wp-json\/wp\/v2\/posts\/4803","targetHints":{"allow":["GET"]}}],"collection":[{"href":"https:\/\/elinformanteperu.com\/index.php\/wp-json\/wp\/v2\/posts"}],"about":[{"href":"https:\/\/elinformanteperu.com\/index.php\/wp-json\/wp\/v2\/types\/post"}],"author":[{"embeddable":true,"href":"https:\/\/elinformanteperu.com\/index.php\/wp-json\/wp\/v2\/users\/1"}],"replies":[{"embeddable":true,"href":"https:\/\/elinformanteperu.com\/index.php\/wp-json\/wp\/v2\/comments?post=4803"}],"version-history":[{"count":1,"href":"https:\/\/elinformanteperu.com\/index.php\/wp-json\/wp\/v2\/posts\/4803\/revisions"}],"predecessor-version":[{"id":4805,"href":"https:\/\/elinformanteperu.com\/index.php\/wp-json\/wp\/v2\/posts\/4803\/revisions\/4805"}],"wp:featuredmedia":[{"embeddable":true,"href":"https:\/\/elinformanteperu.com\/index.php\/wp-json\/wp\/v2\/media\/4804"}],"wp:attachment":[{"href":"https:\/\/elinformanteperu.com\/index.php\/wp-json\/wp\/v2\/media?parent=4803"}],"wp:term":[{"taxonomy":"category","embeddable":true,"href":"https:\/\/elinformanteperu.com\/index.php\/wp-json\/wp\/v2\/categories?post=4803"},{"taxonomy":"post_tag","embeddable":true,"href":"https:\/\/elinformanteperu.com\/index.php\/wp-json\/wp\/v2\/tags?post=4803"}],"curies":[{"name":"wp","href":"https:\/\/api.w.org\/{rel}","templated":true}]}}