{"id":47937,"date":"2019-05-01T10:10:57","date_gmt":"2019-05-01T15:10:57","guid":{"rendered":"http:\/\/elinformanteperu.com\/?p=47937"},"modified":"2019-05-01T10:10:57","modified_gmt":"2019-05-01T15:10:57","slug":"fiscal-perez-pide-investigar-fuerza-de-choque-del-apra","status":"publish","type":"post","link":"https:\/\/elinformanteperu.com\/index.php\/2019\/05\/01\/fiscal-perez-pide-investigar-fuerza-de-choque-del-apra\/","title":{"rendered":"Fiscal P\u00e9rez pide investigar \u201cFuerza de choque\u201d del Apra"},"content":{"rendered":"<p><strong><span style=\"color: #000000;\">El fiscal Jos\u00e9 Domingo P\u00e9rez dijo esperar que la Fiscal\u00eda Especializada en Crimen Organizado o un fiscal penal inicie una investigaci\u00f3n de oficio al grupo radical\u00a0 conocido como \u00abFuerza de choque\u00bb.<\/span><\/strong><\/p>\n<p><span style=\"color: #000000;\"><strong>Lima, 30 Abril 2019, (ANDINA).-<\/strong> El fiscal Jos\u00e9 Domingo P\u00e9rez dijo esperar que la Fiscal\u00eda Especializada en Crimen Organizado o un fiscal penal inicie una investigaci\u00f3n de oficio al grupo radical que funcionar\u00eda en el interior del Partido Aprista Peruano, conocido como \u00abFuerza de choque\u00bb.<\/span><\/p>\n<p><span style=\"color: #000000;\">La existencia de esta estructura fue revelada por el exvicepresidente de Petroper\u00fa Miguel Atala, quien dijo sentir temor de sufrir un atentado a su integridad por parte de esta agrupaci\u00f3n, luego de confesar que actu\u00f3 como testaferro de Alan Garc\u00eda.<\/span><\/p>\n<p><span style=\"color: #000000;\">\u201cEl se\u00f1or Atala en esta confesi\u00f3n no solamente nos se\u00f1ala c\u00f3mo fue el aparato de corrupci\u00f3n liderado desde la cabeza del Gobierno Central, sino que actualmente est\u00e1 identificando a la organizaci\u00f3n criminal &#8216;Fuerza de choque&#8217; del Partido Aprista Peruano \u201c, expres\u00f3 P\u00e9rez.<\/span><\/p>\n<p><span style=\"color: #000000;\">Este fue uno de los argumentos del magistrado para variar el pedido del Ministerio P\u00fablico de prisi\u00f3n preventiva a detenci\u00f3n domiciliaria para el exvicepresidente de Petroper\u00fa.<\/span><\/p>\n<p><span style=\"color: #000000;\">Sostuvo que la situaci\u00f3n penitenciaria de Atala Herrera debe asegurar que no vaya a ser v\u00edctima de ning\u00fan tipo de ataque a su integridad.<\/span><\/p>\n<p><span style=\"color: #000000;\">\u201cYa ha indicado el juez espa\u00f1ol Joaqu\u00edn Delgado Mart\u00edn que las organizaciones criminales son inflexibles al momento de cometer los delitos y utilizan medios violentos\u201d, advirti\u00f3.<\/span><\/p>\n<p><span style=\"color: #000000;\">El fiscal del equipo especial Lava Jato Jos\u00e9 Domingo P\u00e9rez G\u00f3mez reformul\u00f3 el pedido de prisi\u00f3n preventiva contra Miguel Atala y solicit\u00f3 para \u00e9l una orden de arresto domiciliario por 36 meses, con reglas de conducta, por acogerse a la confesi\u00f3n sincera.<\/span><\/p>\n","protected":false},"excerpt":{"rendered":"<p>El fiscal Jos\u00e9 Domingo P\u00e9rez dijo esperar que la Fiscal\u00eda Especializada en Crimen Organizado o un fiscal penal inicie una investigaci\u00f3n de oficio al grupo radical\u00a0 conocido como \u00abFuerza de choque\u00bb. Lima, 30 Abril 2019, (ANDINA).- El fiscal Jos\u00e9 Domingo P\u00e9rez dijo esperar que la Fiscal\u00eda Especializada en Crimen Organizado o un fiscal penal inicie [&hellip;]<\/p>\n","protected":false},"author":1,"featured_media":47939,"comment_status":"open","ping_status":"open","sticky":false,"template":"","format":"standard","meta":{"rop_custom_images_group":[],"rop_custom_messages_group":[],"rop_publish_now":"initial","rop_publish_now_accounts":[],"rop_publish_now_history":[],"rop_publish_now_status":"pending","footnotes":""},"categories":[5],"tags":[555,4361,2568,3672],"class_list":["post-47937","post","type-post","status-publish","format-standard","has-post-thumbnail","hentry","category-actualidad-informativa","tag-apra","tag-fuerza-de-choque","tag-jose-domingo-perez","tag-miguel-atala"],"_links":{"self":[{"href":"https:\/\/elinformanteperu.com\/index.php\/wp-json\/wp\/v2\/posts\/47937","targetHints":{"allow":["GET"]}}],"collection":[{"href":"https:\/\/elinformanteperu.com\/index.php\/wp-json\/wp\/v2\/posts"}],"about":[{"href":"https:\/\/elinformanteperu.com\/index.php\/wp-json\/wp\/v2\/types\/post"}],"author":[{"embeddable":true,"href":"https:\/\/elinformanteperu.com\/index.php\/wp-json\/wp\/v2\/users\/1"}],"replies":[{"embeddable":true,"href":"https:\/\/elinformanteperu.com\/index.php\/wp-json\/wp\/v2\/comments?post=47937"}],"version-history":[{"count":1,"href":"https:\/\/elinformanteperu.com\/index.php\/wp-json\/wp\/v2\/posts\/47937\/revisions"}],"predecessor-version":[{"id":47940,"href":"https:\/\/elinformanteperu.com\/index.php\/wp-json\/wp\/v2\/posts\/47937\/revisions\/47940"}],"wp:featuredmedia":[{"embeddable":true,"href":"https:\/\/elinformanteperu.com\/index.php\/wp-json\/wp\/v2\/media\/47939"}],"wp:attachment":[{"href":"https:\/\/elinformanteperu.com\/index.php\/wp-json\/wp\/v2\/media?parent=47937"}],"wp:term":[{"taxonomy":"category","embeddable":true,"href":"https:\/\/elinformanteperu.com\/index.php\/wp-json\/wp\/v2\/categories?post=47937"},{"taxonomy":"post_tag","embeddable":true,"href":"https:\/\/elinformanteperu.com\/index.php\/wp-json\/wp\/v2\/tags?post=47937"}],"curies":[{"name":"wp","href":"https:\/\/api.w.org\/{rel}","templated":true}]}}