{"id":47933,"date":"2019-05-01T10:08:41","date_gmt":"2019-05-01T15:08:41","guid":{"rendered":"http:\/\/elinformanteperu.com\/?p=47933"},"modified":"2019-05-01T10:08:41","modified_gmt":"2019-05-01T15:08:41","slug":"del-solar-hago-votos-para-que-venezuela-avance-en-la-recuperacion-de-su-democracia","status":"publish","type":"post","link":"https:\/\/elinformanteperu.com\/index.php\/2019\/05\/01\/del-solar-hago-votos-para-que-venezuela-avance-en-la-recuperacion-de-su-democracia\/","title":{"rendered":"Del Solar: \u201cHago votos para que Venezuela avance en la recuperaci\u00f3n de su democracia\u201d"},"content":{"rendered":"<p><strong><span style=\"color: #000000;\">El presidente del Consejo de Ministros, Salvador del Solar, dijo que la crisis migratoria venezolana tiene actualmente una resonancia particular en toda Am\u00e9rica.<\/span><\/strong><\/p>\n<p><span style=\"color: #000000;\"><strong>Lima, 30 Abril 2019, (ANDINA).-<\/strong> El presidente del Consejo de Ministros, Salvador del Solar, dijo que la crisis migratoria venezolana tiene actualmente una resonancia particular en toda Am\u00e9rica, e hizo votos para que Venezuela siga avanzando en la recuperaci\u00f3n de su democracia y estabilidad.<\/span><\/p>\n<p><span style=\"color: #000000;\">Fue durante la ceremonia de inauguraci\u00f3n de la conferencia \u00abFortaleciendo la coordinaci\u00f3n regional en respuesta a los impactos del desplazamiento forzado\u00bb, que re\u00fane en Lima a los ministros de Salud de los pa\u00edses de Am\u00e9rica.<\/span><\/p>\n<p><span style=\"color: #000000;\">\u201cVenezuela es un pa\u00eds que ha sabido acoger a generaciones de peruanos en d\u00e9cadas anteriores, y hoy los peruanos hemos demostrado c\u00f3mo tenemos los brazos abiertos tambi\u00e9n para ellos, como corresponde a pa\u00edses hermanos\u201d, manifest\u00f3 del Solar.<\/span><\/p>\n<p><span style=\"color: #000000;\">Dijo, sin embargo, que el desplazamiento masivo de personas, como la que est\u00e1 experimentado la poblaci\u00f3n venezolana, no solo trae consigo el dolor del desarraigo, sino tambi\u00e9n traen consigo enfermedades para los que no necesariamente estaban preparadas las regiones o las ciudades que los acogen.<\/span><\/p>\n<p><span style=\"color: #000000;\">\u201cEl riesgo de que esto pueda esparcirse lleva a una respuesta desde el \u00e1mbito de la salud. Y es por eso que las autoridades de salud que hoy nos acompa\u00f1an traen la preocupaci\u00f3n de nuestra regi\u00f3n y traen tambi\u00e9n el reto para que podamos tener una respuesta\u201d, enfatiz\u00f3.<\/span><\/p>\n<p><span style=\"color: #000000;\">Tras destacar la integraci\u00f3n econ\u00f3mica y comercial que ha venido desarroll\u00e1ndose entre los pa\u00edses de Am\u00e9rica, del Solar dijo que ahora los gobiernos de la regi\u00f3n deben poner el foco en el tema del fen\u00f3meno migratorio.<\/span><\/p>\n<p><span style=\"color: #000000;\">\u00abHagamos que la pesadilla de la migraci\u00f3n, por la que muchos hermanos est\u00e1n atravesando, pueda acercarse al sue\u00f1o de que muchos rincones de la regi\u00f3n puedan ser su hogar\u00bb, subray\u00f3.<\/span><\/p>\n","protected":false},"excerpt":{"rendered":"<p>El presidente del Consejo de Ministros, Salvador del Solar, dijo que la crisis migratoria venezolana tiene actualmente una resonancia particular en toda Am\u00e9rica. Lima, 30 Abril 2019, (ANDINA).- El presidente del Consejo de Ministros, Salvador del Solar, dijo que la crisis migratoria venezolana tiene actualmente una resonancia particular en toda Am\u00e9rica, e hizo votos para [&hellip;]<\/p>\n","protected":false},"author":1,"featured_media":47935,"comment_status":"open","ping_status":"open","sticky":false,"template":"","format":"standard","meta":{"rop_custom_images_group":[],"rop_custom_messages_group":[],"rop_publish_now":"initial","rop_publish_now_accounts":[],"rop_publish_now_history":[],"rop_publish_now_status":"pending","footnotes":""},"categories":[5],"tags":[189,473,171],"class_list":["post-47933","post","type-post","status-publish","format-standard","has-post-thumbnail","hentry","category-actualidad-informativa","tag-pcm","tag-salvador-del-solar","tag-venezuela"],"_links":{"self":[{"href":"https:\/\/elinformanteperu.com\/index.php\/wp-json\/wp\/v2\/posts\/47933","targetHints":{"allow":["GET"]}}],"collection":[{"href":"https:\/\/elinformanteperu.com\/index.php\/wp-json\/wp\/v2\/posts"}],"about":[{"href":"https:\/\/elinformanteperu.com\/index.php\/wp-json\/wp\/v2\/types\/post"}],"author":[{"embeddable":true,"href":"https:\/\/elinformanteperu.com\/index.php\/wp-json\/wp\/v2\/users\/1"}],"replies":[{"embeddable":true,"href":"https:\/\/elinformanteperu.com\/index.php\/wp-json\/wp\/v2\/comments?post=47933"}],"version-history":[{"count":1,"href":"https:\/\/elinformanteperu.com\/index.php\/wp-json\/wp\/v2\/posts\/47933\/revisions"}],"predecessor-version":[{"id":47936,"href":"https:\/\/elinformanteperu.com\/index.php\/wp-json\/wp\/v2\/posts\/47933\/revisions\/47936"}],"wp:featuredmedia":[{"embeddable":true,"href":"https:\/\/elinformanteperu.com\/index.php\/wp-json\/wp\/v2\/media\/47935"}],"wp:attachment":[{"href":"https:\/\/elinformanteperu.com\/index.php\/wp-json\/wp\/v2\/media?parent=47933"}],"wp:term":[{"taxonomy":"category","embeddable":true,"href":"https:\/\/elinformanteperu.com\/index.php\/wp-json\/wp\/v2\/categories?post=47933"},{"taxonomy":"post_tag","embeddable":true,"href":"https:\/\/elinformanteperu.com\/index.php\/wp-json\/wp\/v2\/tags?post=47933"}],"curies":[{"name":"wp","href":"https:\/\/api.w.org\/{rel}","templated":true}]}}