{"id":47929,"date":"2019-05-01T10:05:46","date_gmt":"2019-05-01T15:05:46","guid":{"rendered":"http:\/\/elinformanteperu.com\/?p=47929"},"modified":"2019-05-01T10:05:46","modified_gmt":"2019-05-01T15:05:46","slug":"presidente-vizcarra-que-se-llegue-a-la-verdad","status":"publish","type":"post","link":"https:\/\/elinformanteperu.com\/index.php\/2019\/05\/01\/presidente-vizcarra-que-se-llegue-a-la-verdad\/","title":{"rendered":"Presidente Vizcarra: que se llegue a la verdad"},"content":{"rendered":"<p><strong><span style=\"color: #000000;\">El presidente Mart\u00edn Vizcarra, consider\u00f3 necesario que en el caso Odebrecht se llegue a la verdad, para lo cual el Ministerio p\u00fablico debe profundizar las investigaciones.<\/span><\/strong><\/p>\n<p><span style=\"color: #000000;\"><strong>Trujillo, 30 Abril 2019, (ANDINA).-<\/strong> El presidente de la Rep\u00fablica, Mart\u00edn Vizcarra, consider\u00f3 necesario que en el caso Odebrecht se llegue a la verdad, para lo cual opin\u00f3 que el Ministerio p\u00fablico debe profundizar las investigaciones.<\/span><\/p>\n<p><span style=\"color: #000000;\">Al ser consultado sobre la versi\u00f3n de Miguel Atala, quien confes\u00f3 haber sido testaferro del expresidente Alan Garc\u00eda, Vizcarra record\u00f3 que la poblaci\u00f3n peruana lo que quiere es saber la verdad.<\/span><\/p>\n<p><span style=\"color: #000000;\">\u201cLo que siempre hemos pedido y reclamado a las instituciones que administran justicia: que se llegue a la verdad y para eso todo el apoyo\u201d, manifest\u00f3 en declaraciones a la prensa desde Trujillo, donde cumpli\u00f3 actividades oficiales.<\/span><\/p>\n<p><span style=\"color: #000000;\">Sostuvo que toda la poblaci\u00f3n del pa\u00eds ans\u00eda saber la verdad y que los responsables de los actos de corrupci\u00f3n sean sancionados ejemplarmente.<\/span><\/p>\n<p><span style=\"color: #000000;\">A su juicio, conocer la verdad permitir\u00e1 fortalecer las instituciones democr\u00e1ticas del pa\u00eds.<\/span><\/p>\n<p><span style=\"color: #000000;\">\u201cQue profundicen las investigaciones, lo que quiere la poblaci\u00f3n es saber la verdad y esperamos saberla verdad para fortalecer las instituciones, corregir errores en estos temas tan dif\u00edciles de corrupci\u00f3n y proyectar un Per\u00fa digno que mejore su nivel de vida\u201d, indic\u00f3.<\/span><\/p>\n<p><span style=\"color: #000000;\">El jefe del Estado record\u00f3 que, si bien ha opinado ocasionalmente sobre el trabajo de la Fiscal\u00eda y del Poder Judicial, siempre lo ha hecho respetando la independencia de poderes.<\/span><\/p>\n<p><span style=\"color: #000000;\">\u201cLo que determine el Poder Judicial y el Ministerio P\u00fablico lo respetamos\u201d, coment\u00f3.<\/span><\/p>\n","protected":false},"excerpt":{"rendered":"<p>El presidente Mart\u00edn Vizcarra, consider\u00f3 necesario que en el caso Odebrecht se llegue a la verdad, para lo cual el Ministerio p\u00fablico debe profundizar las investigaciones. Trujillo, 30 Abril 2019, (ANDINA).- El presidente de la Rep\u00fablica, Mart\u00edn Vizcarra, consider\u00f3 necesario que en el caso Odebrecht se llegue a la verdad, para lo cual opin\u00f3 que [&hellip;]<\/p>\n","protected":false},"author":1,"featured_media":47931,"comment_status":"open","ping_status":"open","sticky":false,"template":"","format":"standard","meta":{"rop_custom_images_group":[],"rop_custom_messages_group":[],"rop_publish_now":"initial","rop_publish_now_accounts":[],"rop_publish_now_history":[],"rop_publish_now_status":"pending","footnotes":""},"categories":[5],"tags":[289,619],"class_list":["post-47929","post","type-post","status-publish","format-standard","has-post-thumbnail","hentry","category-actualidad-informativa","tag-martin-vizcarra","tag-odebrecht"],"_links":{"self":[{"href":"https:\/\/elinformanteperu.com\/index.php\/wp-json\/wp\/v2\/posts\/47929","targetHints":{"allow":["GET"]}}],"collection":[{"href":"https:\/\/elinformanteperu.com\/index.php\/wp-json\/wp\/v2\/posts"}],"about":[{"href":"https:\/\/elinformanteperu.com\/index.php\/wp-json\/wp\/v2\/types\/post"}],"author":[{"embeddable":true,"href":"https:\/\/elinformanteperu.com\/index.php\/wp-json\/wp\/v2\/users\/1"}],"replies":[{"embeddable":true,"href":"https:\/\/elinformanteperu.com\/index.php\/wp-json\/wp\/v2\/comments?post=47929"}],"version-history":[{"count":1,"href":"https:\/\/elinformanteperu.com\/index.php\/wp-json\/wp\/v2\/posts\/47929\/revisions"}],"predecessor-version":[{"id":47932,"href":"https:\/\/elinformanteperu.com\/index.php\/wp-json\/wp\/v2\/posts\/47929\/revisions\/47932"}],"wp:featuredmedia":[{"embeddable":true,"href":"https:\/\/elinformanteperu.com\/index.php\/wp-json\/wp\/v2\/media\/47931"}],"wp:attachment":[{"href":"https:\/\/elinformanteperu.com\/index.php\/wp-json\/wp\/v2\/media?parent=47929"}],"wp:term":[{"taxonomy":"category","embeddable":true,"href":"https:\/\/elinformanteperu.com\/index.php\/wp-json\/wp\/v2\/categories?post=47929"},{"taxonomy":"post_tag","embeddable":true,"href":"https:\/\/elinformanteperu.com\/index.php\/wp-json\/wp\/v2\/tags?post=47929"}],"curies":[{"name":"wp","href":"https:\/\/api.w.org\/{rel}","templated":true}]}}