{"id":47894,"date":"2019-04-30T22:08:34","date_gmt":"2019-05-01T03:08:34","guid":{"rendered":"http:\/\/elinformanteperu.com\/?p=47894"},"modified":"2019-04-30T22:08:34","modified_gmt":"2019-05-01T03:08:34","slug":"senamhi-esta-semana-amaneceres-en-lima-seran-nublados","status":"publish","type":"post","link":"https:\/\/elinformanteperu.com\/index.php\/2019\/04\/30\/senamhi-esta-semana-amaneceres-en-lima-seran-nublados\/","title":{"rendered":"Senamhi: esta semana amaneceres en Lima ser\u00e1n nublados"},"content":{"rendered":"<p><strong><span style=\"color: #000000;\">El cielo de Lima amanecer\u00e1 cubierto durante esta semana, como es caracter\u00edstico en esta \u00e9poca de transici\u00f3n del oto\u00f1o hacia la estaci\u00f3n de invierno.<\/span><\/strong><\/p>\n<p><span style=\"color: #000000;\"><strong>Lima, 30 Abril 2019, (ANDINA).-<\/strong> El cielo de Lima amanecer\u00e1 cubierto durante esta semana, como es caracter\u00edstico en esta \u00e9poca de transici\u00f3n del oto\u00f1o hacia la estaci\u00f3n de invierno.<\/span><\/p>\n<p><span style=\"color: #000000;\">El meteorol\u00f3go del Senamhi, Jhoan Chancaf\u00e9, inform\u00f3 a la Agencia Andina que si bien las ma\u00f1anas estar\u00e1n cubiertas, el cielo se ir\u00e1 despejando con el paso de las horas.<\/span><\/p>\n<p><span style=\"color: #000000;\">As\u00ed, las nubes dar\u00e1n paso al brillo solar a partir de las 10 de la ma\u00f1ana en los distritos de Lima este y reci\u00e9n a partir del mediod\u00eda en Lima oeste.<\/span><\/p>\n<p><span style=\"color: #000000;\">Las temperaturas al este de la capital ir\u00e1n de los 26 grados la m\u00e1xima a los 16 o 17 grados la m\u00ednima.<\/span><\/p>\n<p><span style=\"color: #000000;\">En tanto, para Lima oeste el Senamhi pronostic\u00f3 temperaturas de entre 23 y 24 la m\u00e1xima y de 18 la m\u00ednima.<\/span><\/p>\n<p><span style=\"color: #000000;\">El especialista dijo que si bien no pueden descartarse por completo las lloviznas aisladas en los distritos costeros, no se espera precipitaciones importantes esta semana.<\/span><\/p>\n","protected":false},"excerpt":{"rendered":"<p>El cielo de Lima amanecer\u00e1 cubierto durante esta semana, como es caracter\u00edstico en esta \u00e9poca de transici\u00f3n del oto\u00f1o hacia la estaci\u00f3n de invierno. Lima, 30 Abril 2019, (ANDINA).- El cielo de Lima amanecer\u00e1 cubierto durante esta semana, como es caracter\u00edstico en esta \u00e9poca de transici\u00f3n del oto\u00f1o hacia la estaci\u00f3n de invierno. El meteorol\u00f3go [&hellip;]<\/p>\n","protected":false},"author":1,"featured_media":47896,"comment_status":"open","ping_status":"open","sticky":false,"template":"","format":"standard","meta":{"rop_custom_images_group":[],"rop_custom_messages_group":[],"rop_publish_now":"initial","rop_publish_now_accounts":[],"rop_publish_now_history":[],"rop_publish_now_status":"pending","footnotes":""},"categories":[10],"tags":[1613,514],"class_list":["post-47894","post","type-post","status-publish","format-standard","has-post-thumbnail","hentry","category-actualidad-municipal","tag-lima","tag-senamhi"],"_links":{"self":[{"href":"https:\/\/elinformanteperu.com\/index.php\/wp-json\/wp\/v2\/posts\/47894","targetHints":{"allow":["GET"]}}],"collection":[{"href":"https:\/\/elinformanteperu.com\/index.php\/wp-json\/wp\/v2\/posts"}],"about":[{"href":"https:\/\/elinformanteperu.com\/index.php\/wp-json\/wp\/v2\/types\/post"}],"author":[{"embeddable":true,"href":"https:\/\/elinformanteperu.com\/index.php\/wp-json\/wp\/v2\/users\/1"}],"replies":[{"embeddable":true,"href":"https:\/\/elinformanteperu.com\/index.php\/wp-json\/wp\/v2\/comments?post=47894"}],"version-history":[{"count":1,"href":"https:\/\/elinformanteperu.com\/index.php\/wp-json\/wp\/v2\/posts\/47894\/revisions"}],"predecessor-version":[{"id":47897,"href":"https:\/\/elinformanteperu.com\/index.php\/wp-json\/wp\/v2\/posts\/47894\/revisions\/47897"}],"wp:featuredmedia":[{"embeddable":true,"href":"https:\/\/elinformanteperu.com\/index.php\/wp-json\/wp\/v2\/media\/47896"}],"wp:attachment":[{"href":"https:\/\/elinformanteperu.com\/index.php\/wp-json\/wp\/v2\/media?parent=47894"}],"wp:term":[{"taxonomy":"category","embeddable":true,"href":"https:\/\/elinformanteperu.com\/index.php\/wp-json\/wp\/v2\/categories?post=47894"},{"taxonomy":"post_tag","embeddable":true,"href":"https:\/\/elinformanteperu.com\/index.php\/wp-json\/wp\/v2\/tags?post=47894"}],"curies":[{"name":"wp","href":"https:\/\/api.w.org\/{rel}","templated":true}]}}