{"id":4760,"date":"2017-01-21T22:41:27","date_gmt":"2017-01-22T03:41:27","guid":{"rendered":"http:\/\/elinformanteperu.com\/?p=4760"},"modified":"2017-01-21T22:41:27","modified_gmt":"2017-01-22T03:41:27","slug":"pj-rechaza-pedido-de-cese-de-prision-preventiva-de-profugo-alcalde-de-samanco","status":"publish","type":"post","link":"https:\/\/elinformanteperu.com\/index.php\/2017\/01\/21\/pj-rechaza-pedido-de-cese-de-prision-preventiva-de-profugo-alcalde-de-samanco\/","title":{"rendered":"PJ rechaza pedido de cese de prisi\u00f3n preventiva de pr\u00f3fugo alcalde de Samanco"},"content":{"rendered":"<p><strong>El Quinto Juzgado del Santa desestim\u00f3 el pedido de cese de prisi\u00f3n preventiva solicitado por la defensa del pr\u00f3fugo alcalde de Samanco, Jaime Casana Escobedo<\/strong><\/p>\n<p><strong>Chimbote, 21 Enero 2017, (ANDINA).-<\/strong> El titular del Quinto Juzgado de Investigaci\u00f3n Preparatoria de la Corte de Justicia del Santa, Roma Cruz Avil\u00e9s, desestim\u00f3 el pedido de cese de prisi\u00f3n preventiva solicitado por la defensa del pr\u00f3fugo alcalde de Samanco, Jaime Casana Escobedo, presuntamente implicado en el asesinato del anterior burgomaestre de ese distrito, Francisco Ariza Espinoza.<\/p>\n<p>En una audiencia p\u00fablica, el magistrado escuch\u00f3 los alegatos del abogado del pr\u00f3fugo alcalde, Pedro Burgos Escurra, quien bas\u00f3 su pedido en que Brandon Malo Rosario, tambi\u00e9n procesado en el crimen de Ariza, haya desvirtuado sus primeras declaraciones cuando inculp\u00f3 a su defendido como uno de los autores intelectuales del crimen.<\/p>\n<p>El magistrado Roma Cruz Avil\u00e9s, consider\u00f3 que para solicitar la variaci\u00f3n de la prisi\u00f3n preventiva por parte de la defensa de Jaime Casana, deber\u00edan mostrarse nuevos elementos y que lo expuesto por el defensor legal Burgos Escurra ya hab\u00eda sido rebatido anteriormente por la Fiscal\u00eda, por lo que dispuso declarar infundado el pedido de cese de la prisi\u00f3n preventiva.<\/p>\n<p>Asimismo, el magistrado recomend\u00f3 al abogado defensor hablar con su patrocinado y recomendarle que se ponga a disposici\u00f3n de la justicia.<\/p>\n<p>Jaime Casana Escobedo tiene un mandato de prisi\u00f3n preventiva por 18 meses, emitido en diciembre del 2015. Actualmente, el Ministerio del Interior ha colocado su nombre en la lista de los m\u00e1s buscados a nivel nacional, ofreciendo una recompensa de 20,000 soles para quien informe sobre su paradero.<\/p>\n","protected":false},"excerpt":{"rendered":"<p>El Quinto Juzgado del Santa desestim\u00f3 el pedido de cese de prisi\u00f3n preventiva solicitado por la defensa del pr\u00f3fugo alcalde de Samanco, Jaime Casana Escobedo Chimbote, 21 Enero 2017, (ANDINA).- El titular del Quinto Juzgado de Investigaci\u00f3n Preparatoria de la Corte de Justicia del Santa, Roma Cruz Avil\u00e9s, desestim\u00f3 el pedido de cese de prisi\u00f3n [&hellip;]<\/p>\n","protected":false},"author":1,"featured_media":4761,"comment_status":"open","ping_status":"open","sticky":false,"template":"","format":"standard","meta":{"rop_custom_images_group":[],"rop_custom_messages_group":[],"rop_publish_now":"initial","rop_publish_now_accounts":[],"rop_publish_now_history":[],"rop_publish_now_status":"pending","footnotes":""},"categories":[10],"tags":[163],"class_list":["post-4760","post","type-post","status-publish","format-standard","has-post-thumbnail","hentry","category-actualidad-municipal","tag-poder-judicial"],"_links":{"self":[{"href":"https:\/\/elinformanteperu.com\/index.php\/wp-json\/wp\/v2\/posts\/4760","targetHints":{"allow":["GET"]}}],"collection":[{"href":"https:\/\/elinformanteperu.com\/index.php\/wp-json\/wp\/v2\/posts"}],"about":[{"href":"https:\/\/elinformanteperu.com\/index.php\/wp-json\/wp\/v2\/types\/post"}],"author":[{"embeddable":true,"href":"https:\/\/elinformanteperu.com\/index.php\/wp-json\/wp\/v2\/users\/1"}],"replies":[{"embeddable":true,"href":"https:\/\/elinformanteperu.com\/index.php\/wp-json\/wp\/v2\/comments?post=4760"}],"version-history":[{"count":1,"href":"https:\/\/elinformanteperu.com\/index.php\/wp-json\/wp\/v2\/posts\/4760\/revisions"}],"predecessor-version":[{"id":4762,"href":"https:\/\/elinformanteperu.com\/index.php\/wp-json\/wp\/v2\/posts\/4760\/revisions\/4762"}],"wp:featuredmedia":[{"embeddable":true,"href":"https:\/\/elinformanteperu.com\/index.php\/wp-json\/wp\/v2\/media\/4761"}],"wp:attachment":[{"href":"https:\/\/elinformanteperu.com\/index.php\/wp-json\/wp\/v2\/media?parent=4760"}],"wp:term":[{"taxonomy":"category","embeddable":true,"href":"https:\/\/elinformanteperu.com\/index.php\/wp-json\/wp\/v2\/categories?post=4760"},{"taxonomy":"post_tag","embeddable":true,"href":"https:\/\/elinformanteperu.com\/index.php\/wp-json\/wp\/v2\/tags?post=4760"}],"curies":[{"name":"wp","href":"https:\/\/api.w.org\/{rel}","templated":true}]}}