{"id":47565,"date":"2019-04-22T23:26:33","date_gmt":"2019-04-23T04:26:33","guid":{"rendered":"http:\/\/elinformanteperu.com\/?p=47565"},"modified":"2019-04-22T23:26:33","modified_gmt":"2019-04-23T04:26:33","slug":"amaia-montero-regresa-al-peru-tras-diez-anos-de-ausencia","status":"publish","type":"post","link":"https:\/\/elinformanteperu.com\/index.php\/2019\/04\/22\/amaia-montero-regresa-al-peru-tras-diez-anos-de-ausencia\/","title":{"rendered":"Amaia Montero regresa al Per\u00fa tras diez a\u00f1os de ausencia"},"content":{"rendered":"<p><strong><span style=\"color: #000000;\">Tras una larga espera de diez a\u00f1os, Amaia Montero llegar\u00e1 a Lima y este 24 de abril saldr\u00e1n a la venta las localidades que van desde los 72 hasta los 264 soles.<\/span><\/strong><\/p>\n<p><span style=\"color: #000000;\"><strong>Lima, 22 Abril 2019 (ANDINA).-<\/strong> Tras una larga espera de diez a\u00f1os, Amaia Montero llegar\u00e1 a Lima y este 24 de abril saldr\u00e1n a la venta las localidades que van desde los 72 hasta los 264 soles.<\/span><\/p>\n<p><span style=\"color: #000000;\">La ex int\u00e9rprete de la agrupaci\u00f3n \u201cOreja de Van Gogh\u201d public\u00f3 en su cuenta oficial de Facebook la confirmaci\u00f3n de su arribo al pa\u00eds y se mostr\u00f3 emocionada de este retorno,<\/span><\/p>\n<p><span style=\"color: #000000;\">La cita ser\u00e1 este mi\u00e9rcoles 19 de junio en el centro de convenciones Mar\u00eda Angola, escenario de la presentaci\u00f3n de la artista y su nueva producci\u00f3n \u201cNacidos para crecer tour 2019\u201d.<\/span><\/p>\n<p><span style=\"color: #000000;\">La emblem\u00e1tica voz de la recordad agrupaci\u00f3n \u201cLa Oreja de Van Gogh\u201d, tambi\u00e9n ofrecer\u00e1 sus temas del recuerdo como \u201cRosas\u201d, \u201cLa Playa\u201d, \u201cJueves\u201d y \u201cPar\u00eds\u201d.<\/span><\/p>\n<p><span style=\"color: #000000;\">Las localidades estar\u00e1n disponibles en Teleticket de Wong y Metro.<\/span><\/p>\n<p>https:\/\/youtu.be\/bcFMcbDPsJI<\/p>\n","protected":false},"excerpt":{"rendered":"<p>Tras una larga espera de diez a\u00f1os, Amaia Montero llegar\u00e1 a Lima y este 24 de abril saldr\u00e1n a la venta las localidades que van desde los 72 hasta los 264 soles. Lima, 22 Abril 2019 (ANDINA).- Tras una larga espera de diez a\u00f1os, Amaia Montero llegar\u00e1 a Lima y este 24 de abril saldr\u00e1n [&hellip;]<\/p>\n","protected":false},"author":1,"featured_media":47567,"comment_status":"open","ping_status":"open","sticky":false,"template":"","format":"standard","meta":{"rop_custom_images_group":[],"rop_custom_messages_group":[],"rop_publish_now":"initial","rop_publish_now_accounts":[],"rop_publish_now_history":[],"rop_publish_now_status":"pending","footnotes":""},"categories":[69],"tags":[2745],"class_list":["post-47565","post","type-post","status-publish","format-standard","has-post-thumbnail","hentry","category-musica","tag-amaia-montero"],"_links":{"self":[{"href":"https:\/\/elinformanteperu.com\/index.php\/wp-json\/wp\/v2\/posts\/47565","targetHints":{"allow":["GET"]}}],"collection":[{"href":"https:\/\/elinformanteperu.com\/index.php\/wp-json\/wp\/v2\/posts"}],"about":[{"href":"https:\/\/elinformanteperu.com\/index.php\/wp-json\/wp\/v2\/types\/post"}],"author":[{"embeddable":true,"href":"https:\/\/elinformanteperu.com\/index.php\/wp-json\/wp\/v2\/users\/1"}],"replies":[{"embeddable":true,"href":"https:\/\/elinformanteperu.com\/index.php\/wp-json\/wp\/v2\/comments?post=47565"}],"version-history":[{"count":1,"href":"https:\/\/elinformanteperu.com\/index.php\/wp-json\/wp\/v2\/posts\/47565\/revisions"}],"predecessor-version":[{"id":47568,"href":"https:\/\/elinformanteperu.com\/index.php\/wp-json\/wp\/v2\/posts\/47565\/revisions\/47568"}],"wp:featuredmedia":[{"embeddable":true,"href":"https:\/\/elinformanteperu.com\/index.php\/wp-json\/wp\/v2\/media\/47567"}],"wp:attachment":[{"href":"https:\/\/elinformanteperu.com\/index.php\/wp-json\/wp\/v2\/media?parent=47565"}],"wp:term":[{"taxonomy":"category","embeddable":true,"href":"https:\/\/elinformanteperu.com\/index.php\/wp-json\/wp\/v2\/categories?post=47565"},{"taxonomy":"post_tag","embeddable":true,"href":"https:\/\/elinformanteperu.com\/index.php\/wp-json\/wp\/v2\/tags?post=47565"}],"curies":[{"name":"wp","href":"https:\/\/api.w.org\/{rel}","templated":true}]}}