{"id":47555,"date":"2019-04-22T23:16:32","date_gmt":"2019-04-23T04:16:32","guid":{"rendered":"http:\/\/elinformanteperu.com\/?p=47555"},"modified":"2019-04-22T23:16:32","modified_gmt":"2019-04-23T04:16:32","slug":"presentan-trailer-de-pelicula-de-ines-melchor-prueba-de-fondo","status":"publish","type":"post","link":"https:\/\/elinformanteperu.com\/index.php\/2019\/04\/22\/presentan-trailer-de-pelicula-de-ines-melchor-prueba-de-fondo\/","title":{"rendered":"Presentan tr\u00e1iler de pel\u00edcula de In\u00e9s Melchor \u00abPrueba de fondo\u00bb"},"content":{"rendered":"<p><strong><span style=\"color: #000000;\">Tras su exitoso paso por el Festival de Cine de Lima 2018, donde obtuviera el Premio del P\u00fablico de la secci\u00f3n \u201cHecho en Per\u00fa\u201d, la cinta \u00abPrueba de fondo\u00bb revel\u00f3 en redes sociales su tr\u00e1iler.<\/span><\/strong><\/p>\n<p><span style=\"color: #000000;\"><strong>Lima, 22 Abril 2019 (ANDINA).-<\/strong> Tras su exitoso paso por el Festival de Cine de Lima 2018, donde obtuviera el Premio del P\u00fablico de la secci\u00f3n \u201cHecho en Per\u00fa\u201d, la cinta \u00abPrueba de fondo\u00bb donde el eje es el trabajo deportivo de la maratonista peruana In\u00e9s Melchor revel\u00f3 en redes sociales su tr\u00e1iler para anunciar su estreno en salas comerciales.<\/span><\/p>\n<p><span style=\"color: #000000;\">El largometraje documental podr\u00e1 verse en salas de cine a nivel nacional desde este pr\u00f3ximo jueves 6 de junio.<\/span><\/p>\n<p><span style=\"color: #000000;\">Filmada en R\u00edo de Janeiro, Lima, Santiago de Chile y Huancayo, a m\u00e1s de 3000 metros sobre el nivel del mar, \u00abPrueba de fondo\u00bb es el resultado de tres a\u00f1os de rodaje junto a In\u00e9s Melchor en sus entrenamientos, competencias y procesos de recuperaci\u00f3n.<\/span><\/p>\n<p><span style=\"color: #000000;\">Es un acercamiento a la cotidianidad de una deportista peruana de \u00e9lite que, a sus 32 a\u00f1os, ya es multicampeona sudamericana y panamericana de atletismo, habiendo batido r\u00e9cord sudamericano.<\/span><\/p>\n<p><iframe title=\"TRAILER OFICIAL PRUEBA DE FONDO\" width=\"615\" height=\"346\" src=\"https:\/\/www.youtube.com\/embed\/nSea-HTNGfE?feature=oembed\" frameborder=\"0\" allow=\"accelerometer; autoplay; clipboard-write; encrypted-media; gyroscope; picture-in-picture; web-share\" referrerpolicy=\"strict-origin-when-cross-origin\" allowfullscreen><\/iframe><\/p>\n","protected":false},"excerpt":{"rendered":"<p>Tras su exitoso paso por el Festival de Cine de Lima 2018, donde obtuviera el Premio del P\u00fablico de la secci\u00f3n \u201cHecho en Per\u00fa\u201d, la cinta \u00abPrueba de fondo\u00bb revel\u00f3 en redes sociales su tr\u00e1iler. Lima, 22 Abril 2019 (ANDINA).- Tras su exitoso paso por el Festival de Cine de Lima 2018, donde obtuviera el [&hellip;]<\/p>\n","protected":false},"author":1,"featured_media":47557,"comment_status":"open","ping_status":"open","sticky":false,"template":"","format":"standard","meta":{"rop_custom_images_group":[],"rop_custom_messages_group":[],"rop_publish_now":"initial","rop_publish_now_accounts":[],"rop_publish_now_history":[],"rop_publish_now_status":"pending","footnotes":""},"categories":[7],"tags":[1626,1271],"class_list":["post-47555","post","type-post","status-publish","format-standard","has-post-thumbnail","hentry","category-butaca","tag-cine-peruano","tag-ines-melchor"],"_links":{"self":[{"href":"https:\/\/elinformanteperu.com\/index.php\/wp-json\/wp\/v2\/posts\/47555","targetHints":{"allow":["GET"]}}],"collection":[{"href":"https:\/\/elinformanteperu.com\/index.php\/wp-json\/wp\/v2\/posts"}],"about":[{"href":"https:\/\/elinformanteperu.com\/index.php\/wp-json\/wp\/v2\/types\/post"}],"author":[{"embeddable":true,"href":"https:\/\/elinformanteperu.com\/index.php\/wp-json\/wp\/v2\/users\/1"}],"replies":[{"embeddable":true,"href":"https:\/\/elinformanteperu.com\/index.php\/wp-json\/wp\/v2\/comments?post=47555"}],"version-history":[{"count":1,"href":"https:\/\/elinformanteperu.com\/index.php\/wp-json\/wp\/v2\/posts\/47555\/revisions"}],"predecessor-version":[{"id":47558,"href":"https:\/\/elinformanteperu.com\/index.php\/wp-json\/wp\/v2\/posts\/47555\/revisions\/47558"}],"wp:featuredmedia":[{"embeddable":true,"href":"https:\/\/elinformanteperu.com\/index.php\/wp-json\/wp\/v2\/media\/47557"}],"wp:attachment":[{"href":"https:\/\/elinformanteperu.com\/index.php\/wp-json\/wp\/v2\/media?parent=47555"}],"wp:term":[{"taxonomy":"category","embeddable":true,"href":"https:\/\/elinformanteperu.com\/index.php\/wp-json\/wp\/v2\/categories?post=47555"},{"taxonomy":"post_tag","embeddable":true,"href":"https:\/\/elinformanteperu.com\/index.php\/wp-json\/wp\/v2\/tags?post=47555"}],"curies":[{"name":"wp","href":"https:\/\/api.w.org\/{rel}","templated":true}]}}