{"id":47545,"date":"2019-04-22T21:56:41","date_gmt":"2019-04-23T02:56:41","guid":{"rendered":"http:\/\/elinformanteperu.com\/?p=47545"},"modified":"2019-04-22T21:56:41","modified_gmt":"2019-04-23T02:56:41","slug":"pachacamac-siembran-arboles-por-dia-mundial-de-la-tierra","status":"publish","type":"post","link":"https:\/\/elinformanteperu.com\/index.php\/2019\/04\/22\/pachacamac-siembran-arboles-por-dia-mundial-de-la-tierra\/","title":{"rendered":"Pachac\u00e1mac: Siembran \u00e1rboles por \u00abD\u00eda Mundial de la tierra\u00bb"},"content":{"rendered":"<p><strong><span style=\"color: #000000;\">Es parte de las actividades del municipio para celebrar el D\u00eda mundial de la tierra. Cientos de ni\u00f1os, j\u00f3venes y adultos mayores realizaron desde las primeras horas la siembra de \u00e1rboles<\/span><\/strong><\/p>\n<p><span style=\"color: #000000;\"><strong>Lima, 22 Abril 2019 (El Informante Per\u00fa).-<\/strong> En el marco de las celebraciones por el D\u00eda Mundial de la Tierra, cientos de ni\u00f1os, j\u00f3venes y adultos mayores del distrito de Pachac\u00e1mac realizaron desde las primeras horas la siembra de \u00e1rboles en diferentes zonas de este distrito, como un aporte para contribuir al cuidado del medioambiente.<\/span><\/p>\n<p><span style=\"color: #000000;\">Hasta las avenidas Manuel Valle y Paul Poblet llegaron los ni\u00f1os, j\u00f3venes y adultos mayores quienes celebraron la oportunidad de sembrar un \u00e1rbol en este importante d\u00eda, mientras que otro numeroso grupo municipal decidi\u00f3 ir a los colegios donde realizaron charlas y talleres participativos con los alumnos, los talleres consist\u00edan sobre el reciclaje de bolsas pl\u00e1sticas con la elaboraci\u00f3n de monederos y cartucheras.<\/span><\/p>\n<p><span style=\"color: #000000;\">En las avenidas principales del distrito tambi\u00e9n se sembraron yucas, se\u00f1oritas y flores de Vinca.<\/span><\/p>\n<p><span style=\"color: #000000;\">En este \u00faltimo punto, escolares de diversos centros educativos, as\u00ed como adultos mayores del distrito sembraron diversas especies como plantas de Gomphrena, flores p\u00farpuras, achiras rojas, molle serrano, molle coste\u00f1o y ficus.<\/span><\/p>\n<p><span style=\"color: #000000;\">Al respecto, el alcalde de Pachac\u00e1mac, Elvis Pomez Cano, se\u00f1al\u00f3 que la idea de esta celebraci\u00f3n es apostar por la plantaci\u00f3n de plantas quienes purifican el aire y as\u00ed ayudar a reducir el di\u00f3xido de carbono en una ciudad tan contaminada como Lima.<\/span><\/p>\n<p><span style=\"color: #000000;\">As\u00ed mismo llam\u00f3 a conciencia de sus vecinos en el cuidado de las plantas y reciclando envases pl\u00e1sticos entre otros, a los cuales se les puede dar otro uso.\u00a0<\/span><\/p>\n<p><img fetchpriority=\"high\" decoding=\"async\" class=\"aligncenter size-full wp-image-47549\" src=\"http:\/\/elinformanteperu.com\/wp-content\/uploads\/2019\/04\/pachacamac-tierra1.jpg\" alt=\"\" width=\"551\" height=\"526\" srcset=\"https:\/\/elinformanteperu.com\/wp-content\/uploads\/2019\/04\/pachacamac-tierra1.jpg 551w, https:\/\/elinformanteperu.com\/wp-content\/uploads\/2019\/04\/pachacamac-tierra1-300x286.jpg 300w, https:\/\/elinformanteperu.com\/wp-content\/uploads\/2019\/04\/pachacamac-tierra1-128x122.jpg 128w, https:\/\/elinformanteperu.com\/wp-content\/uploads\/2019\/04\/pachacamac-tierra1-32x32.jpg 32w\" sizes=\"(max-width: 551px) 100vw, 551px\" \/><\/p>\n","protected":false},"excerpt":{"rendered":"<p>Es parte de las actividades del municipio para celebrar el D\u00eda mundial de la tierra. Cientos de ni\u00f1os, j\u00f3venes y adultos mayores realizaron desde las primeras horas la siembra de \u00e1rboles Lima, 22 Abril 2019 (El Informante Per\u00fa).- En el marco de las celebraciones por el D\u00eda Mundial de la Tierra, cientos de ni\u00f1os, j\u00f3venes [&hellip;]<\/p>\n","protected":false},"author":1,"featured_media":47548,"comment_status":"open","ping_status":"open","sticky":false,"template":"","format":"standard","meta":{"rop_custom_images_group":[],"rop_custom_messages_group":[],"rop_publish_now":"initial","rop_publish_now_accounts":[],"rop_publish_now_history":[],"rop_publish_now_status":"pending","footnotes":""},"categories":[10],"tags":[3998,4000],"class_list":["post-47545","post","type-post","status-publish","format-standard","has-post-thumbnail","hentry","category-actualidad-municipal","tag-elvis-pomez-cano","tag-municipalidad-de-pachacamac"],"_links":{"self":[{"href":"https:\/\/elinformanteperu.com\/index.php\/wp-json\/wp\/v2\/posts\/47545","targetHints":{"allow":["GET"]}}],"collection":[{"href":"https:\/\/elinformanteperu.com\/index.php\/wp-json\/wp\/v2\/posts"}],"about":[{"href":"https:\/\/elinformanteperu.com\/index.php\/wp-json\/wp\/v2\/types\/post"}],"author":[{"embeddable":true,"href":"https:\/\/elinformanteperu.com\/index.php\/wp-json\/wp\/v2\/users\/1"}],"replies":[{"embeddable":true,"href":"https:\/\/elinformanteperu.com\/index.php\/wp-json\/wp\/v2\/comments?post=47545"}],"version-history":[{"count":1,"href":"https:\/\/elinformanteperu.com\/index.php\/wp-json\/wp\/v2\/posts\/47545\/revisions"}],"predecessor-version":[{"id":47550,"href":"https:\/\/elinformanteperu.com\/index.php\/wp-json\/wp\/v2\/posts\/47545\/revisions\/47550"}],"wp:featuredmedia":[{"embeddable":true,"href":"https:\/\/elinformanteperu.com\/index.php\/wp-json\/wp\/v2\/media\/47548"}],"wp:attachment":[{"href":"https:\/\/elinformanteperu.com\/index.php\/wp-json\/wp\/v2\/media?parent=47545"}],"wp:term":[{"taxonomy":"category","embeddable":true,"href":"https:\/\/elinformanteperu.com\/index.php\/wp-json\/wp\/v2\/categories?post=47545"},{"taxonomy":"post_tag","embeddable":true,"href":"https:\/\/elinformanteperu.com\/index.php\/wp-json\/wp\/v2\/tags?post=47545"}],"curies":[{"name":"wp","href":"https:\/\/api.w.org\/{rel}","templated":true}]}}