{"id":47517,"date":"2019-04-22T07:32:29","date_gmt":"2019-04-22T12:32:29","guid":{"rendered":"http:\/\/elinformanteperu.com\/?p=47517"},"modified":"2019-04-22T07:32:29","modified_gmt":"2019-04-22T12:32:29","slug":"pnp-aclara-que-expresidente-kuczynski-no-fue-engrilletado","status":"publish","type":"post","link":"https:\/\/elinformanteperu.com\/index.php\/2019\/04\/22\/pnp-aclara-que-expresidente-kuczynski-no-fue-engrilletado\/","title":{"rendered":"PNP aclara que expresidente Kuczynski no fue engrilletado"},"content":{"rendered":"<p><strong><span style=\"color: #000000;\">La Polic\u00eda Nacional del Per\u00fa (PNP) aclar\u00f3 que en ning\u00fan momento el expresidente Pedro Pablo Kuczynski fue engrilletado o se produjo un intento por enmarrocarlo a su cama de la cl\u00ednica Anglo Americana.<\/span><\/strong><\/p>\n<p><span style=\"color: #000000;\"><strong>Lima, 21 Abril 2019 (ANDINA).-<\/strong> La Polic\u00eda Nacional del Per\u00fa (PNP) aclar\u00f3 que en ning\u00fan momento el expresidente Pedro Pablo Kuczynski fue engrilletado o se produjo un intento por enmarrocarlo a su cama de la cl\u00ednica Anglo Americana, donde se encuentra internado desde el \u00faltimo martes.<\/span><\/p>\n<p><span style=\"color: #000000;\">Mediante un comunicado publicado en su cuenta de Twitter, la PNP precis\u00f3 que no existe registro u ocurrencia en la cl\u00ednica en menci\u00f3n sobre una discusi\u00f3n entre el personal m\u00e9dico y efectivos policiales encargados de la custodia por un eventual intento de engrilletar al exmandatario.<\/span><\/p>\n<p><span style=\"color: #000000;\">No obstante, inform\u00f3 que se ha dispuesto que inspector\u00eda General de la PNP realice una investigaci\u00f3n sumaria para esclarecer plenamente los hechos y de ser el caso, establecer las responsabilidades.<\/span><\/p>\n<p><span style=\"color: #000000;\">De igual forma, la instituci\u00f3n asegur\u00f3 que no existe antecedente o registro en la Polic\u00eda Nacional de Per\u00fa respecto a que se haya engrilletado a alguna persona detenida mientras se encontraba internada en la Unidad de Cuidados Intensivos de alguna cl\u00ednica u hospital.<\/span><\/p>\n<p><span style=\"color: #000000;\">La PNP refiri\u00f3 que hasta el viernes 19 de abril, la Divisi\u00f3n de Investigaci\u00f3n de Delitos de Alta Complejidad DIVIAC PNP, estaba a cargo de la seguridad de Kuczynski, fecha en que se cambio su situaci\u00f3n judicial de detenci\u00f3n preliminar a prisi\u00f3n preventiva.<\/span><\/p>\n<p><span style=\"color: #000000;\">\u201cDesde las 19.20 horas del viernes 19 de abril del presente, el expresidente es custodiado por efectivos policiales de la Direcci\u00f3n de Seguridad de Penales de la PNP, quienes, al asumir la misi\u00f3n cumplen procedimientos especiales para la custodia de personas detenidas internadas en cl\u00ednica u hospitales\u201d, precis\u00f3 el comunicado.<\/span><\/p>\n<p><span style=\"color: #000000;\">Este mediod\u00eda, los familiares de Kuczynski denunciaron que, en la noche del viernes, luego que se emitiera la orden judicial de prisi\u00f3n preventiva contra el exmandatario , agentes de la polic\u00eda quisieron enmarrocar al expresidente a su cama. Seg\u00fan indicaron esta acci\u00f3n fue evitada por la oposici\u00f3n del equipo m\u00e9dico.<\/span><\/p>\n<p><span style=\"color: #000000;\">El Poder Judicial dict\u00f3 una orden de 36 meses de prisi\u00f3n preventiva contra Pedro Pablo Kuczynski, quien es investigado por la presunta comisi\u00f3n del delito de lavado de activos en la modalidad de conversi\u00f3n, transferencia y ocultamiento en el marco de la investigaci\u00f3n del caso Odebrecht.<\/span><\/p>\n","protected":false},"excerpt":{"rendered":"<p>La Polic\u00eda Nacional del Per\u00fa (PNP) aclar\u00f3 que en ning\u00fan momento el expresidente Pedro Pablo Kuczynski fue engrilletado o se produjo un intento por enmarrocarlo a su cama de la cl\u00ednica Anglo Americana. Lima, 21 Abril 2019 (ANDINA).- La Polic\u00eda Nacional del Per\u00fa (PNP) aclar\u00f3 que en ning\u00fan momento el expresidente Pedro Pablo Kuczynski fue [&hellip;]<\/p>\n","protected":false},"author":1,"featured_media":41804,"comment_status":"open","ping_status":"open","sticky":false,"template":"","format":"standard","meta":{"rop_custom_images_group":[],"rop_custom_messages_group":[],"rop_publish_now":"initial","rop_publish_now_accounts":[],"rop_publish_now_history":[],"rop_publish_now_status":"pending","footnotes":""},"categories":[5],"tags":[74,281],"class_list":["post-47517","post","type-post","status-publish","format-standard","has-post-thumbnail","hentry","category-actualidad-informativa","tag-pedro-pablo-kuczynski","tag-policia-nacional"],"_links":{"self":[{"href":"https:\/\/elinformanteperu.com\/index.php\/wp-json\/wp\/v2\/posts\/47517","targetHints":{"allow":["GET"]}}],"collection":[{"href":"https:\/\/elinformanteperu.com\/index.php\/wp-json\/wp\/v2\/posts"}],"about":[{"href":"https:\/\/elinformanteperu.com\/index.php\/wp-json\/wp\/v2\/types\/post"}],"author":[{"embeddable":true,"href":"https:\/\/elinformanteperu.com\/index.php\/wp-json\/wp\/v2\/users\/1"}],"replies":[{"embeddable":true,"href":"https:\/\/elinformanteperu.com\/index.php\/wp-json\/wp\/v2\/comments?post=47517"}],"version-history":[{"count":1,"href":"https:\/\/elinformanteperu.com\/index.php\/wp-json\/wp\/v2\/posts\/47517\/revisions"}],"predecessor-version":[{"id":47519,"href":"https:\/\/elinformanteperu.com\/index.php\/wp-json\/wp\/v2\/posts\/47517\/revisions\/47519"}],"wp:featuredmedia":[{"embeddable":true,"href":"https:\/\/elinformanteperu.com\/index.php\/wp-json\/wp\/v2\/media\/41804"}],"wp:attachment":[{"href":"https:\/\/elinformanteperu.com\/index.php\/wp-json\/wp\/v2\/media?parent=47517"}],"wp:term":[{"taxonomy":"category","embeddable":true,"href":"https:\/\/elinformanteperu.com\/index.php\/wp-json\/wp\/v2\/categories?post=47517"},{"taxonomy":"post_tag","embeddable":true,"href":"https:\/\/elinformanteperu.com\/index.php\/wp-json\/wp\/v2\/tags?post=47517"}],"curies":[{"name":"wp","href":"https:\/\/api.w.org\/{rel}","templated":true}]}}