{"id":47513,"date":"2019-04-22T07:29:00","date_gmt":"2019-04-22T12:29:00","guid":{"rendered":"http:\/\/elinformanteperu.com\/?p=47513"},"modified":"2019-04-22T07:29:00","modified_gmt":"2019-04-22T12:29:00","slug":"congelan-cuentas-de-luis-nava-y-de-su-hijo-a-pedido-de-fiscalia","status":"publish","type":"post","link":"https:\/\/elinformanteperu.com\/index.php\/2019\/04\/22\/congelan-cuentas-de-luis-nava-y-de-su-hijo-a-pedido-de-fiscalia\/","title":{"rendered":"Congelan cuentas de Luis Nava y de su hijo a pedido de fiscal\u00eda"},"content":{"rendered":"<p><strong><span style=\"color: #000000;\">La Unidad de Inteligencia Financiera (UIF), a pedido del Ministerio P\u00fablico, congel\u00f3 las cuentas bancarias del exsecretario de la Presidencia de la Rep\u00fablica, Luis Nava.<\/span><\/strong><\/p>\n<p><span style=\"color: #000000;\"><strong>Lima, 21 Abril 2019 (ANDINA).-<\/strong> La Unidad de Inteligencia Financiera (UIF), a pedido del Ministerio P\u00fablico, congel\u00f3 las cuentas bancarias del exsecretario de la Presidencia de la Rep\u00fablica, Luis Nava Guibert; y las de su hijo, Jos\u00e9 Nava Mendiola, sobre quienes pesa una orden de detenci\u00f3n preliminar en el marco del caso Odebrecht.<\/span><\/p>\n<p><span style=\"color: #000000;\">En el caso de Nava Mendiola, quien se encuentra fuera del pa\u00eds, se trata de un monto de S\/ 315,224 provenientes de cuentas en dos entidades locales, mientras que a Nava Guibert, se le congelaron cuentas por S\/ 328,310 y US$ 114,619 en seis entidades financieras.<\/span><\/p>\n<p><span style=\"color: #000000;\">En declaraciones a El Comercio, el coordinador del Equipo Especial de fiscales para el caso Lava Jato, Rafael Vela refiri\u00f3 que la semana pasada Nava Mendiola pretendi\u00f3 \u201cmovilizar todas sus cuentas financieras en el banco BBVA a una cuenta en EE.UU.<\/span><\/p>\n<p><span style=\"color: #000000;\">\u00abQue viajara a EE.UU. el mismo d\u00eda que la fiscal\u00eda solicit\u00f3 su impedimento de salida revela claramente su voluntad de sustraerse de la acci\u00f3n de la justicia. Adem\u00e1s, ha pretendido movilizar todas sus cuentas financieras en el banco BBVA a una cuenta en EE.UU\u00bb, se\u00f1al\u00f3.<\/span><\/p>\n<p><span style=\"color: #000000;\">Nava Mendiola viaj\u00f3 a Estados Unidos el 10 de abril, el mismo d\u00eda en que la fiscal\u00eda solicit\u00f3 al Poder Judicial ordenar impedimento de salida del pa\u00eds por 18 meses para \u00e9l y su padre.<\/span><\/p>\n<p><span style=\"color: #000000;\">En tanto, Nava Guibert, permanece desde el \u00faltimo lunes 15 en una cl\u00ednica local por una afecci\u00f3n card\u00edaca.<\/span><\/p>\n<p><span style=\"color: #000000;\">A Nava Mendiola se le imputa el presunto delito de lavado de activos, en las modalidades de conversi\u00f3n, transferencia, tenencia y ocultamiento, mientras que a Nava Guibert se le imputan los presuntos delitos de colusi\u00f3n y lavado de activos.<\/span><\/p>\n<p><span style=\"color: #000000;\">Ambos est\u00e1n involucrados en la recepci\u00f3n de coimas de la constructora brasile\u00f1a, por obras p\u00fablicas como la l\u00ednea 1 de metro de Lima y la carretera Interoce\u00e1nica Sur, tramos 2, y que estar\u00edan destinados al fallecido ex presidente Alan Garc\u00eda y otros investigados.<\/span><\/p>\n","protected":false},"excerpt":{"rendered":"<p>La Unidad de Inteligencia Financiera (UIF), a pedido del Ministerio P\u00fablico, congel\u00f3 las cuentas bancarias del exsecretario de la Presidencia de la Rep\u00fablica, Luis Nava. Lima, 21 Abril 2019 (ANDINA).- La Unidad de Inteligencia Financiera (UIF), a pedido del Ministerio P\u00fablico, congel\u00f3 las cuentas bancarias del exsecretario de la Presidencia de la Rep\u00fablica, Luis Nava [&hellip;]<\/p>\n","protected":false},"author":1,"featured_media":47515,"comment_status":"open","ping_status":"open","sticky":false,"template":"","format":"standard","meta":{"rop_custom_images_group":[],"rop_custom_messages_group":[],"rop_publish_now":"initial","rop_publish_now_accounts":[],"rop_publish_now_history":[],"rop_publish_now_status":"pending","footnotes":""},"categories":[5],"tags":[854,4339,163],"class_list":["post-47513","post","type-post","status-publish","format-standard","has-post-thumbnail","hentry","category-actualidad-informativa","tag-alan-garcia","tag-luis-nava-guibert","tag-poder-judicial"],"_links":{"self":[{"href":"https:\/\/elinformanteperu.com\/index.php\/wp-json\/wp\/v2\/posts\/47513","targetHints":{"allow":["GET"]}}],"collection":[{"href":"https:\/\/elinformanteperu.com\/index.php\/wp-json\/wp\/v2\/posts"}],"about":[{"href":"https:\/\/elinformanteperu.com\/index.php\/wp-json\/wp\/v2\/types\/post"}],"author":[{"embeddable":true,"href":"https:\/\/elinformanteperu.com\/index.php\/wp-json\/wp\/v2\/users\/1"}],"replies":[{"embeddable":true,"href":"https:\/\/elinformanteperu.com\/index.php\/wp-json\/wp\/v2\/comments?post=47513"}],"version-history":[{"count":1,"href":"https:\/\/elinformanteperu.com\/index.php\/wp-json\/wp\/v2\/posts\/47513\/revisions"}],"predecessor-version":[{"id":47516,"href":"https:\/\/elinformanteperu.com\/index.php\/wp-json\/wp\/v2\/posts\/47513\/revisions\/47516"}],"wp:featuredmedia":[{"embeddable":true,"href":"https:\/\/elinformanteperu.com\/index.php\/wp-json\/wp\/v2\/media\/47515"}],"wp:attachment":[{"href":"https:\/\/elinformanteperu.com\/index.php\/wp-json\/wp\/v2\/media?parent=47513"}],"wp:term":[{"taxonomy":"category","embeddable":true,"href":"https:\/\/elinformanteperu.com\/index.php\/wp-json\/wp\/v2\/categories?post=47513"},{"taxonomy":"post_tag","embeddable":true,"href":"https:\/\/elinformanteperu.com\/index.php\/wp-json\/wp\/v2\/tags?post=47513"}],"curies":[{"name":"wp","href":"https:\/\/api.w.org\/{rel}","templated":true}]}}