{"id":47506,"date":"2019-04-22T07:23:22","date_gmt":"2019-04-22T12:23:22","guid":{"rendered":"http:\/\/elinformanteperu.com\/?p=47506"},"modified":"2019-04-22T07:23:22","modified_gmt":"2019-04-22T12:23:22","slug":"familia-de-kuczynski-es-injusta-e-inhumana-la-prision-preventiva","status":"publish","type":"post","link":"https:\/\/elinformanteperu.com\/index.php\/2019\/04\/22\/familia-de-kuczynski-es-injusta-e-inhumana-la-prision-preventiva\/","title":{"rendered":"Familia de Kuczynski: es injusta e inhumana la prisi\u00f3n preventiva"},"content":{"rendered":"<p><strong><span style=\"color: #000000;\">La familia de Pedro Pablo Kuczynski calific\u00f3 como una injusticia y un acto \u00ababsolutamente inhumano\u00bb la orden de 36 meses de prisi\u00f3n preventiva dictada en su contra.<\/span><\/strong><\/p>\n<p><span style=\"color: #000000;\"><strong>Lima, 21 Abril 2019 (ANDINA).-<\/strong> La familia de Pedro Pablo Kuczynski calific\u00f3 como una injusticia y un acto \u00ababsolutamente inhumano\u00bb la orden de 36 meses de prisi\u00f3n preventiva dictada en su contra y pidieron que se le otorgue arresto domiciliario.<\/span><\/p>\n<p><span style=\"color: #000000;\">Alex y Carolina Kuczynski, hijas del exjefe de Estado, y Michael Kuczynski, su hermano, dieron una conferencia y se pronunciaron sobre la situaci\u00f3n legal que enfrenta el expresidente, quien permanece internado en una cl\u00ednica local por un problema card\u00edaco.<\/span><\/p>\n<p><span style=\"color: #000000;\">\u00abEs absolutamente inhumano que se pretenda encarcelar a una persona de casi 81 a\u00f1os antes de siquiera iniciarse el juicio (\u2026) Desde hace un a\u00f1o se encuentra pr\u00e1cticamente recluido en su casa afrontando las investigaciones. Es inaceptable que se crea que haya un intento de fuga\u00bb, declar\u00f3 Alex, la hija del exjefe de Estado.<\/span><\/p>\n<p><span style=\"color: #000000;\">Mediante un pronunciamiento le\u00eddo por una de las hijas de Kuczynski, los familiares de PPK denunciaron que, en la noche del viernes, luego que se emitiera la orden judicial, agentes de la polic\u00eda quisieron enmarrocar al expresidente a su cama. Seg\u00fan indicaron esta acci\u00f3n fue evitada por la oposici\u00f3n del equipo m\u00e9dico.<\/span><\/p>\n<p><span style=\"color: #000000;\">Asimismo, enfatizaron que Kuczynski no podr\u00eda sobrevivir detenido en la c\u00e1rcel porque necesita constante supervisi\u00f3n m\u00e9dica y que actualmente se encuentra muy enfermo.<\/span><\/p>\n<p><span style=\"color: #000000;\">\u00abLa prisi\u00f3n preventiva es una condena de muerte\u00bb, se\u00f1alaron.<\/span><\/p>\n<p><span style=\"color: #000000;\">Negaron que el exmandatario pueda darse a la fuga en sus condiciones, adem\u00e1s, destacaron que Kuczynski mostr\u00f3, en todo momento, una actitud de colaboraci\u00f3n.<\/span><\/p>\n<p><span style=\"color: #000000;\">\u00abMi padre est\u00e1 dispuesto de asumir en libertad todas las acusaciones fiscales. Esto es un atentado contra cualquier ser humano\u00bb, indicaron en el pronunciamiento.<\/span><\/p>\n","protected":false},"excerpt":{"rendered":"<p>La familia de Pedro Pablo Kuczynski calific\u00f3 como una injusticia y un acto \u00ababsolutamente inhumano\u00bb la orden de 36 meses de prisi\u00f3n preventiva dictada en su contra. Lima, 21 Abril 2019 (ANDINA).- La familia de Pedro Pablo Kuczynski calific\u00f3 como una injusticia y un acto \u00ababsolutamente inhumano\u00bb la orden de 36 meses de prisi\u00f3n preventiva [&hellip;]<\/p>\n","protected":false},"author":1,"featured_media":47508,"comment_status":"open","ping_status":"open","sticky":false,"template":"","format":"standard","meta":{"rop_custom_images_group":[],"rop_custom_messages_group":[],"rop_publish_now":"initial","rop_publish_now_accounts":[],"rop_publish_now_history":[],"rop_publish_now_status":"pending","footnotes":""},"categories":[5],"tags":[74],"class_list":["post-47506","post","type-post","status-publish","format-standard","has-post-thumbnail","hentry","category-actualidad-informativa","tag-pedro-pablo-kuczynski"],"_links":{"self":[{"href":"https:\/\/elinformanteperu.com\/index.php\/wp-json\/wp\/v2\/posts\/47506","targetHints":{"allow":["GET"]}}],"collection":[{"href":"https:\/\/elinformanteperu.com\/index.php\/wp-json\/wp\/v2\/posts"}],"about":[{"href":"https:\/\/elinformanteperu.com\/index.php\/wp-json\/wp\/v2\/types\/post"}],"author":[{"embeddable":true,"href":"https:\/\/elinformanteperu.com\/index.php\/wp-json\/wp\/v2\/users\/1"}],"replies":[{"embeddable":true,"href":"https:\/\/elinformanteperu.com\/index.php\/wp-json\/wp\/v2\/comments?post=47506"}],"version-history":[{"count":1,"href":"https:\/\/elinformanteperu.com\/index.php\/wp-json\/wp\/v2\/posts\/47506\/revisions"}],"predecessor-version":[{"id":47509,"href":"https:\/\/elinformanteperu.com\/index.php\/wp-json\/wp\/v2\/posts\/47506\/revisions\/47509"}],"wp:featuredmedia":[{"embeddable":true,"href":"https:\/\/elinformanteperu.com\/index.php\/wp-json\/wp\/v2\/media\/47508"}],"wp:attachment":[{"href":"https:\/\/elinformanteperu.com\/index.php\/wp-json\/wp\/v2\/media?parent=47506"}],"wp:term":[{"taxonomy":"category","embeddable":true,"href":"https:\/\/elinformanteperu.com\/index.php\/wp-json\/wp\/v2\/categories?post=47506"},{"taxonomy":"post_tag","embeddable":true,"href":"https:\/\/elinformanteperu.com\/index.php\/wp-json\/wp\/v2\/tags?post=47506"}],"curies":[{"name":"wp","href":"https:\/\/api.w.org\/{rel}","templated":true}]}}