{"id":47502,"date":"2019-04-22T07:20:49","date_gmt":"2019-04-22T12:20:49","guid":{"rendered":"http:\/\/elinformanteperu.com\/?p=47502"},"modified":"2019-04-22T07:20:49","modified_gmt":"2019-04-22T12:20:49","slug":"rafael-vela-sobre-susana-villaran-es-el-caso-con-mas-evidencias","status":"publish","type":"post","link":"https:\/\/elinformanteperu.com\/index.php\/2019\/04\/22\/rafael-vela-sobre-susana-villaran-es-el-caso-con-mas-evidencias\/","title":{"rendered":"Rafael Vela sobre Susana Villar\u00e1n: \u201cEs el caso con m\u00e1s evidencias\u201d"},"content":{"rendered":"<p><strong><span style=\"color: #000000;\">La investigaci\u00f3n contra la ex alcaldesa de Lima, Susana Villar\u00e1n, en torno al caso Odebrecht, cuenta con mayores evidencias en comparaci\u00f3n a otras indagaciones se\u00f1al\u00f3 Rafael Vela.<\/span><\/strong><\/p>\n<p><span style=\"color: #000000;\"><strong>Lima, 21 Abril 2019 (ANDINA).-<\/strong> La investigaci\u00f3n contra la ex alcaldesa de Lima, Susana Villar\u00e1n, en torno al caso Odebrecht, cuenta con mayores evidencias en comparaci\u00f3n a otras indagaciones se\u00f1al\u00f3 el coordinador del Equipo Especial Lava Jato, Rafael Vela.<\/span><\/p>\n<p><span style=\"color: #000000;\">En entrevista con el diario El Pa\u00eds de Espa\u00f1a, el fiscal superior descart\u00f3 una intencionalidad de no querer tocar a Villar\u00e1n.<\/span><\/p>\n<p><span style=\"color: #000000;\">\u201cNos dicen que siempre somos selectivos y que no queremos tocarla (a Susana Villar\u00e1n), eso no es cierto\u201d, expres\u00f3 Vela.<\/span><\/p>\n<p><span style=\"color: #000000;\">Sostuvo que la situaci\u00f3n jur\u00eddica de Villar\u00e1n de la Puente \u201ces complicada\u201d, porque ya hay una medida judicial dictada en su contra de comparecencia con restricciones e impedimento de salida del pa\u00eds.<\/span><\/p>\n<p><span style=\"color: #000000;\">\u201cProbablemente sea el caso en el que m\u00e1s evidencia tenemos, porque tenemos informaci\u00f3n de las dos empresas brasile\u00f1as, OAS y Odebrecht, que contrataron con la Municipalidad de Lima durante su periodo y el del exalcalde Luis Casta\u00f1eda\u201d, se\u00f1al\u00f3.<\/span><\/p>\n<p><span style=\"color: #000000;\">Record\u00f3 que cuando asumieron las investigaciones en torno al caso Lava Jato, \u201cheredamos el caso de la se\u00f1ora Villar\u00e1n con una decisi\u00f3n judicial de comparecencia con restricciones de impedimento de salida y de otras personas\u201d.<\/span><\/p>\n<p><span style=\"color: #000000;\">No obstante, sostuvo que variar dicha medida no es sencillo. \u201cNecesitamos nuevos presupuestos legales. Variar una medida de coerci\u00f3n es muy complicado\u201d, apunt\u00f3.<\/span><\/p>\n<p><span style=\"color: #000000;\">Susana Villar\u00e1n cuenta con impedimento de salida. Est\u00e1 investigada por presuntos aportes que entreg\u00f3 Odebrecht y OAS para su campa\u00f1a de la no revocatoria, a cambio de Rutas de Lima y L\u00ednea Amarilla, respectivamente. En esta \u00faltima, Luis Casta\u00f1eda Lossio tambi\u00e9n habr\u00eda beneficiado a OAS.<\/span><\/p>\n","protected":false},"excerpt":{"rendered":"<p>La investigaci\u00f3n contra la ex alcaldesa de Lima, Susana Villar\u00e1n, en torno al caso Odebrecht, cuenta con mayores evidencias en comparaci\u00f3n a otras indagaciones se\u00f1al\u00f3 Rafael Vela. Lima, 21 Abril 2019 (ANDINA).- La investigaci\u00f3n contra la ex alcaldesa de Lima, Susana Villar\u00e1n, en torno al caso Odebrecht, cuenta con mayores evidencias en comparaci\u00f3n a otras [&hellip;]<\/p>\n","protected":false},"author":1,"featured_media":47504,"comment_status":"open","ping_status":"open","sticky":false,"template":"","format":"standard","meta":{"rop_custom_images_group":[],"rop_custom_messages_group":[],"rop_publish_now":"initial","rop_publish_now_accounts":[],"rop_publish_now_history":[],"rop_publish_now_status":"pending","footnotes":""},"categories":[5],"tags":[3427,776],"class_list":["post-47502","post","type-post","status-publish","format-standard","has-post-thumbnail","hentry","category-actualidad-informativa","tag-rafael-vela","tag-susana-villaran"],"_links":{"self":[{"href":"https:\/\/elinformanteperu.com\/index.php\/wp-json\/wp\/v2\/posts\/47502","targetHints":{"allow":["GET"]}}],"collection":[{"href":"https:\/\/elinformanteperu.com\/index.php\/wp-json\/wp\/v2\/posts"}],"about":[{"href":"https:\/\/elinformanteperu.com\/index.php\/wp-json\/wp\/v2\/types\/post"}],"author":[{"embeddable":true,"href":"https:\/\/elinformanteperu.com\/index.php\/wp-json\/wp\/v2\/users\/1"}],"replies":[{"embeddable":true,"href":"https:\/\/elinformanteperu.com\/index.php\/wp-json\/wp\/v2\/comments?post=47502"}],"version-history":[{"count":1,"href":"https:\/\/elinformanteperu.com\/index.php\/wp-json\/wp\/v2\/posts\/47502\/revisions"}],"predecessor-version":[{"id":47505,"href":"https:\/\/elinformanteperu.com\/index.php\/wp-json\/wp\/v2\/posts\/47502\/revisions\/47505"}],"wp:featuredmedia":[{"embeddable":true,"href":"https:\/\/elinformanteperu.com\/index.php\/wp-json\/wp\/v2\/media\/47504"}],"wp:attachment":[{"href":"https:\/\/elinformanteperu.com\/index.php\/wp-json\/wp\/v2\/media?parent=47502"}],"wp:term":[{"taxonomy":"category","embeddable":true,"href":"https:\/\/elinformanteperu.com\/index.php\/wp-json\/wp\/v2\/categories?post=47502"},{"taxonomy":"post_tag","embeddable":true,"href":"https:\/\/elinformanteperu.com\/index.php\/wp-json\/wp\/v2\/tags?post=47502"}],"curies":[{"name":"wp","href":"https:\/\/api.w.org\/{rel}","templated":true}]}}