{"id":47498,"date":"2019-04-22T07:17:28","date_gmt":"2019-04-22T12:17:28","guid":{"rendered":"http:\/\/elinformanteperu.com\/?p=47498"},"modified":"2019-04-22T07:17:28","modified_gmt":"2019-04-22T12:17:28","slug":"arbizu-muerte-de-garcia-no-puede-ser-usada-para-bajarse-lucha-anticorrupcion","status":"publish","type":"post","link":"https:\/\/elinformanteperu.com\/index.php\/2019\/04\/22\/arbizu-muerte-de-garcia-no-puede-ser-usada-para-bajarse-lucha-anticorrupcion\/","title":{"rendered":"Arbizu: muerte de Garc\u00eda no puede ser usada para bajarse lucha anticorrupci\u00f3n"},"content":{"rendered":"<p><strong><span style=\"color: #000000;\">El exprocurador Julio Arbizu se\u00f1al\u00f3 que la muerte de Alan Garc\u00eda no puede ser usada para \u201ctirarse abajo\u201d la lucha contra la corrupci\u00f3n ni las investigaciones en torno al caso Lava Jato.<\/span><\/strong><\/p>\n<p><span style=\"color: #000000;\"><strong>Lima, 21 Abril 2019 (ANDINA).-<\/strong> El exprocurador Julio Arbizu se\u00f1al\u00f3 que la muerte de Alan Garc\u00eda no puede ser usada para \u201ctirarse abajo\u201d la lucha contra la corrupci\u00f3n ni las investigaciones en torno al caso Lava Jato que ingresar\u00e1n a una fase cr\u00edtica con las pr\u00f3ximas declaraciones de Jorge Barata.<\/span><\/p>\n<p><span style=\"color: #000000;\">Consider\u00f3 como \u00abun acto inmoral\u00bb que gente interesada en mantener oculta la verdad trate de vincular un hecho tr\u00e1gico para deslegitimar las acciones del Equipo Especial con el fin de identificar y sancionar a los responsables de actos delictivos en perjuicio del pa\u00eds.<\/span><\/p>\n<p><span style=\"color: #000000;\">Dijo que no hay ninguna raz\u00f3n que ampare una vinculaci\u00f3n entre la decisi\u00f3n personal de Garc\u00eda de suicidarse, con el ejercicio leg\u00edtimo y legal de las investigaciones vinculadas a la empresa Odebrecht.<\/span><\/p>\n<p><span style=\"color: #000000;\">\u201cLas voces insensatas que asocian la muerte de Garc\u00eda con un exceso en el sistema de justicia se revelan tal cual son. Es b\u00e1sicamente el oportunismo utilizar una tragedia de tama\u00f1a magnitud para hacer lo que siempre han querido, ir contra la lucha anticorrupci\u00f3n\u201d, expres\u00f3.<\/span><\/p>\n<p><span style=\"color: #000000;\">Arb\u00edzu se\u00f1al\u00f3 que se pueden hacer cr\u00edticas de las decisiones jurisdiccionales, pero de ninguna manera, insisti\u00f3, aprovechar una tragedia para cuestionar el papel de la justicia \u201cy tratar de bajarle la llanta a la lucha contra la corrupci\u00f3n, eso me parece reprochable\u201d, remarc\u00f3.<\/span><\/p>\n<p><span style=\"color: #000000;\">Bajo su punto de vista, la orden de detenci\u00f3n preliminar contra Alan Garc\u00eda era, probablemente, la m\u00e1s l\u00f3gica por los elementos de convicci\u00f3n que manejaba el Equipo Especial.<\/span><\/p>\n<p><span style=\"color: #000000;\">Por ello, sostuvo, no se cometi\u00f3 ning\u00fan exceso en su ejecuci\u00f3n.<\/span><\/p>\n<p><span style=\"color: #000000;\">\u201cGarc\u00eda tom\u00f3 una decisi\u00f3n absolutamente personal, eso no deber\u00eda tener ning\u00fan efecto en la administraci\u00f3n del sistema de justicia. Aqu\u00ed, el Ministerio P\u00fablico y Poder Judicial est\u00e1n actuando de manera regular\u201d, a\u00f1adi\u00f3.<\/span><\/p>\n<p><span style=\"color: #000000;\">Asimismo, opin\u00f3 que el inicio de una investigaci\u00f3n preliminar contra los fiscales Jos\u00e9 Domingo P\u00e9rez y Henry Amenabar por el allanamiento a la casa de Garc\u00eda P\u00e9rez por la Oficina Desconcentrada del Ministerio P\u00fablico deja un mal mensaje al pa\u00eds.<\/span><\/p>\n<p><span style=\"color: #000000;\">Record\u00f3 que ambos fiscales actuaron bajo el amparo de una orden judicial y consider\u00f3 que control interno de la fiscal\u00eda no puede sumarse a un cargamont\u00f3n de personajes interesados en que las investigaciones no avancen.<\/span><\/p>\n<p><span style=\"color: #000000;\">Finalmente, Arbizu destac\u00f3 que la Fiscal\u00eda de la Naci\u00f3n haya aclarado que dicha diligencia se efectu\u00f3 sin excesos ni acciones irregulares, aunque consider\u00f3 preocupante que sectores del Ministerio P\u00fablico adopten una posici\u00f3n contraria.<\/span><\/p>\n","protected":false},"excerpt":{"rendered":"<p>El exprocurador Julio Arbizu se\u00f1al\u00f3 que la muerte de Alan Garc\u00eda no puede ser usada para \u201ctirarse abajo\u201d la lucha contra la corrupci\u00f3n ni las investigaciones en torno al caso Lava Jato. Lima, 21 Abril 2019 (ANDINA).- El exprocurador Julio Arbizu se\u00f1al\u00f3 que la muerte de Alan Garc\u00eda no puede ser usada para \u201ctirarse abajo\u201d [&hellip;]<\/p>\n","protected":false},"author":1,"featured_media":47500,"comment_status":"open","ping_status":"open","sticky":false,"template":"","format":"standard","meta":{"rop_custom_images_group":[],"rop_custom_messages_group":[],"rop_publish_now":"initial","rop_publish_now_accounts":[],"rop_publish_now_history":[],"rop_publish_now_status":"pending","footnotes":""},"categories":[5],"tags":[854,1717],"class_list":["post-47498","post","type-post","status-publish","format-standard","has-post-thumbnail","hentry","category-actualidad-informativa","tag-alan-garcia","tag-julio-arbizu"],"_links":{"self":[{"href":"https:\/\/elinformanteperu.com\/index.php\/wp-json\/wp\/v2\/posts\/47498","targetHints":{"allow":["GET"]}}],"collection":[{"href":"https:\/\/elinformanteperu.com\/index.php\/wp-json\/wp\/v2\/posts"}],"about":[{"href":"https:\/\/elinformanteperu.com\/index.php\/wp-json\/wp\/v2\/types\/post"}],"author":[{"embeddable":true,"href":"https:\/\/elinformanteperu.com\/index.php\/wp-json\/wp\/v2\/users\/1"}],"replies":[{"embeddable":true,"href":"https:\/\/elinformanteperu.com\/index.php\/wp-json\/wp\/v2\/comments?post=47498"}],"version-history":[{"count":1,"href":"https:\/\/elinformanteperu.com\/index.php\/wp-json\/wp\/v2\/posts\/47498\/revisions"}],"predecessor-version":[{"id":47501,"href":"https:\/\/elinformanteperu.com\/index.php\/wp-json\/wp\/v2\/posts\/47498\/revisions\/47501"}],"wp:featuredmedia":[{"embeddable":true,"href":"https:\/\/elinformanteperu.com\/index.php\/wp-json\/wp\/v2\/media\/47500"}],"wp:attachment":[{"href":"https:\/\/elinformanteperu.com\/index.php\/wp-json\/wp\/v2\/media?parent=47498"}],"wp:term":[{"taxonomy":"category","embeddable":true,"href":"https:\/\/elinformanteperu.com\/index.php\/wp-json\/wp\/v2\/categories?post=47498"},{"taxonomy":"post_tag","embeddable":true,"href":"https:\/\/elinformanteperu.com\/index.php\/wp-json\/wp\/v2\/tags?post=47498"}],"curies":[{"name":"wp","href":"https:\/\/api.w.org\/{rel}","templated":true}]}}