{"id":47454,"date":"2019-04-21T09:40:54","date_gmt":"2019-04-21T14:40:54","guid":{"rendered":"http:\/\/elinformanteperu.com\/?p=47454"},"modified":"2019-04-21T09:40:54","modified_gmt":"2019-04-21T14:40:54","slug":"mesa-redonda-minam-mide-calidad-ambiental-en-zona-de-incendio","status":"publish","type":"post","link":"https:\/\/elinformanteperu.com\/index.php\/2019\/04\/21\/mesa-redonda-minam-mide-calidad-ambiental-en-zona-de-incendio\/","title":{"rendered":"Mesa Redonda: Minam mide calidad ambiental en zona de incendio"},"content":{"rendered":"<p><strong><span style=\"color: #000000;\">La ministra del Ambiente supervis\u00f3 las actividades de medici\u00f3n de la calidad ambiental en la zona de influencia del incendio ocurrido en Mesa Redonda.<\/span><\/strong><\/p>\n<p><span style=\"color: #000000;\"><strong>Lima, 20 Abril 2019 (ANDINA).-<\/strong> La ministra del Ambiente, Luc\u00eda Ruiz, supervis\u00f3 esta ma\u00f1ana las actividades de medici\u00f3n de la calidad ambiental en la zona de influencia del incendio ocurrido ayer en el centro comercial Mesa Redonda, en el Cercado de Lima, inform\u00f3 el ministerio del sector.<\/span><\/p>\n<p><span style=\"color: #000000;\">Tras hacer un recorrido por las zonas cr\u00edticas del siniestro, se\u00f1al\u00f3 que los especialistas del Organismo de Evaluaci\u00f3n y Fiscalizaci\u00f3n Ambiental (OEFA) instalaron equipos que miden la calidad del aire, en el momento, en los centros educativos Jes\u00fas Reparador y Rep\u00fablica de Bolivia, ubicados dentro de la zona de influencia del incendio.<\/span><\/p>\n<p><span style=\"color: #000000;\">Asimismo, indic\u00f3 que el Servicio Nacional de Meteorolog\u00eda e Hidrolog\u00eda (Senamhi), organismo adscrito al Minam, est\u00e1 evaluando el movimiento de los vientos para saber si hay distritos aleda\u00f1os que podr\u00edan ser afectados por los problemas en la calidad del aire debido a dicho siniestro.<\/span><\/p>\n<p><span style=\"color: #000000;\">Ru\u00edz a\u00f1adi\u00f3 que el OEFA y la Direcci\u00f3n General de Salud Ambiental del Ministerio de Salud est\u00e1n trabajando coordinadamente para determinar en cu\u00e1ntos d\u00edas dejar\u00e1 de haber riesgo para la salud de las personas que viven y transitan por esa zona. Por ello recomend\u00f3 enf\u00e1ticamente a la poblaci\u00f3n: no acercarse a la zona afectada por el incendio hasta que los riesgos hayan desaparecido totalmente.<\/span><\/p>\n<p><span style=\"color: #000000;\">Respecto a las familias que viven en zonas adyacentes al lugar afectado por el incendio, sostuvo que (los vecinos) han aceptado retirarse de sus casas y fueron evacuados oportunamente a trav\u00e9s de una acci\u00f3n conjunta entre sectores del Poder Ejecutivo, la Municipalidad Metropolitana de Lima, bomberos e instituciones competentes.<\/span><\/p>\n<p><span style=\"color: #000000;\">En cuanto a las clases en los colegios ubicados por la zona del siniestro, refiri\u00f3 que el Ministerio de Educaci\u00f3n est\u00e1 evaluando c\u00f3mo se proceder\u00e1 en este caso.<\/span><\/p>\n","protected":false},"excerpt":{"rendered":"<p>La ministra del Ambiente supervis\u00f3 las actividades de medici\u00f3n de la calidad ambiental en la zona de influencia del incendio ocurrido en Mesa Redonda. Lima, 20 Abril 2019 (ANDINA).- La ministra del Ambiente, Luc\u00eda Ruiz, supervis\u00f3 esta ma\u00f1ana las actividades de medici\u00f3n de la calidad ambiental en la zona de influencia del incendio ocurrido ayer [&hellip;]<\/p>\n","protected":false},"author":1,"featured_media":47456,"comment_status":"open","ping_status":"open","sticky":false,"template":"","format":"standard","meta":{"rop_custom_images_group":[],"rop_custom_messages_group":[],"rop_publish_now":"initial","rop_publish_now_accounts":[],"rop_publish_now_history":[],"rop_publish_now_status":"pending","footnotes":""},"categories":[10],"tags":[1785,368,367],"class_list":["post-47454","post","type-post","status-publish","format-standard","has-post-thumbnail","hentry","category-actualidad-municipal","tag-incendios","tag-minam","tag-ministerio-del-ambiente"],"_links":{"self":[{"href":"https:\/\/elinformanteperu.com\/index.php\/wp-json\/wp\/v2\/posts\/47454","targetHints":{"allow":["GET"]}}],"collection":[{"href":"https:\/\/elinformanteperu.com\/index.php\/wp-json\/wp\/v2\/posts"}],"about":[{"href":"https:\/\/elinformanteperu.com\/index.php\/wp-json\/wp\/v2\/types\/post"}],"author":[{"embeddable":true,"href":"https:\/\/elinformanteperu.com\/index.php\/wp-json\/wp\/v2\/users\/1"}],"replies":[{"embeddable":true,"href":"https:\/\/elinformanteperu.com\/index.php\/wp-json\/wp\/v2\/comments?post=47454"}],"version-history":[{"count":1,"href":"https:\/\/elinformanteperu.com\/index.php\/wp-json\/wp\/v2\/posts\/47454\/revisions"}],"predecessor-version":[{"id":47457,"href":"https:\/\/elinformanteperu.com\/index.php\/wp-json\/wp\/v2\/posts\/47454\/revisions\/47457"}],"wp:featuredmedia":[{"embeddable":true,"href":"https:\/\/elinformanteperu.com\/index.php\/wp-json\/wp\/v2\/media\/47456"}],"wp:attachment":[{"href":"https:\/\/elinformanteperu.com\/index.php\/wp-json\/wp\/v2\/media?parent=47454"}],"wp:term":[{"taxonomy":"category","embeddable":true,"href":"https:\/\/elinformanteperu.com\/index.php\/wp-json\/wp\/v2\/categories?post=47454"},{"taxonomy":"post_tag","embeddable":true,"href":"https:\/\/elinformanteperu.com\/index.php\/wp-json\/wp\/v2\/tags?post=47454"}],"curies":[{"name":"wp","href":"https:\/\/api.w.org\/{rel}","templated":true}]}}