{"id":47400,"date":"2019-04-19T14:22:35","date_gmt":"2019-04-19T19:22:35","guid":{"rendered":"http:\/\/elinformanteperu.com\/?p=47400"},"modified":"2019-04-19T14:22:35","modified_gmt":"2019-04-19T19:22:35","slug":"cortejo-funebre-de-alan-garcia-enrumba-a-plaza-san-martin","status":"publish","type":"post","link":"https:\/\/elinformanteperu.com\/index.php\/2019\/04\/19\/cortejo-funebre-de-alan-garcia-enrumba-a-plaza-san-martin\/","title":{"rendered":"Cortejo f\u00fanebre de Alan Garc\u00eda enrumba a Plaza San Mart\u00edn"},"content":{"rendered":"<p><strong><span style=\"color: #000000;\">El cortejo f\u00fanebre del expresidente Alan Garc\u00eda P\u00e9rez se dirige en estos momentos a la Plaza San Mart\u00edn, del centro de Lima, donde recibir\u00e1 un homenaje.<\/span><\/strong><\/p>\n<p><span style=\"color: #000000;\"><strong>Lima, 19 Abril 2019 (ANDINA).-<\/strong> El cortejo f\u00fanebre del expresidente Alan Garc\u00eda P\u00e9rez se dirige en estos momentos a la Plaza San Mart\u00edn, del centro de Lima, donde recibir\u00e1 un homenaje de parte de militantes y simpatizantes del Partido Aprista Peruano.<\/span><\/p>\n<p><span style=\"color: #000000;\">Previamente, el ata\u00fad que contiene el cuerpo del exgobernante fue trasladado a la Plaza Dos de Mayo donde tambi\u00e9n fue homenajeado.<\/span><\/p>\n<p><span style=\"color: #000000;\">El f\u00e9retro es trasladado a ambos puntos a pie y cuenta con la compa\u00f1\u00eda de miles de simpatizantes del Apra quienes portan banderas y lanzan arengas a favor de Garcia y del Apra.<\/span><\/p>\n<p><span style=\"color: #000000;\">Tambi\u00e9n se escuchan lemas contra la prensa y contra autoridades del Ministerio P\u00fablico y el Poder Ejecutivo.<\/span><\/p>\n<p><span style=\"color: #000000;\">La avenida Alfonso Ugarte, por donde se desplaza el cortejo f\u00fanebre, ha sido cerrada por la Polic\u00eda Nacional para facilitar el paso.<\/span><\/p>\n<p><span style=\"color: #000000;\">Luego de concluir la actividad oficial en la Plaza San Mart\u00edn, Garc\u00eda P\u00e9rez ser\u00e1 trasladado al cementerio Mapre, de Huachipa, donde su cuerpo ser\u00e1 cremado en estricto privado.<\/span><\/p>\n","protected":false},"excerpt":{"rendered":"<p>El cortejo f\u00fanebre del expresidente Alan Garc\u00eda P\u00e9rez se dirige en estos momentos a la Plaza San Mart\u00edn, del centro de Lima, donde recibir\u00e1 un homenaje. Lima, 19 Abril 2019 (ANDINA).- El cortejo f\u00fanebre del expresidente Alan Garc\u00eda P\u00e9rez se dirige en estos momentos a la Plaza San Mart\u00edn, del centro de Lima, donde recibir\u00e1 [&hellip;]<\/p>\n","protected":false},"author":1,"featured_media":47402,"comment_status":"open","ping_status":"open","sticky":false,"template":"","format":"standard","meta":{"rop_custom_images_group":[],"rop_custom_messages_group":[],"rop_publish_now":"initial","rop_publish_now_accounts":[],"rop_publish_now_history":[],"rop_publish_now_status":"pending","footnotes":""},"categories":[5],"tags":[854,555],"class_list":["post-47400","post","type-post","status-publish","format-standard","has-post-thumbnail","hentry","category-actualidad-informativa","tag-alan-garcia","tag-apra"],"_links":{"self":[{"href":"https:\/\/elinformanteperu.com\/index.php\/wp-json\/wp\/v2\/posts\/47400","targetHints":{"allow":["GET"]}}],"collection":[{"href":"https:\/\/elinformanteperu.com\/index.php\/wp-json\/wp\/v2\/posts"}],"about":[{"href":"https:\/\/elinformanteperu.com\/index.php\/wp-json\/wp\/v2\/types\/post"}],"author":[{"embeddable":true,"href":"https:\/\/elinformanteperu.com\/index.php\/wp-json\/wp\/v2\/users\/1"}],"replies":[{"embeddable":true,"href":"https:\/\/elinformanteperu.com\/index.php\/wp-json\/wp\/v2\/comments?post=47400"}],"version-history":[{"count":1,"href":"https:\/\/elinformanteperu.com\/index.php\/wp-json\/wp\/v2\/posts\/47400\/revisions"}],"predecessor-version":[{"id":47403,"href":"https:\/\/elinformanteperu.com\/index.php\/wp-json\/wp\/v2\/posts\/47400\/revisions\/47403"}],"wp:featuredmedia":[{"embeddable":true,"href":"https:\/\/elinformanteperu.com\/index.php\/wp-json\/wp\/v2\/media\/47402"}],"wp:attachment":[{"href":"https:\/\/elinformanteperu.com\/index.php\/wp-json\/wp\/v2\/media?parent=47400"}],"wp:term":[{"taxonomy":"category","embeddable":true,"href":"https:\/\/elinformanteperu.com\/index.php\/wp-json\/wp\/v2\/categories?post=47400"},{"taxonomy":"post_tag","embeddable":true,"href":"https:\/\/elinformanteperu.com\/index.php\/wp-json\/wp\/v2\/tags?post=47400"}],"curies":[{"name":"wp","href":"https:\/\/api.w.org\/{rel}","templated":true}]}}