{"id":47368,"date":"2019-04-19T12:04:08","date_gmt":"2019-04-19T17:04:08","guid":{"rendered":"http:\/\/elinformanteperu.com\/?p=47368"},"modified":"2019-04-19T12:04:08","modified_gmt":"2019-04-19T17:04:08","slug":"simpatizantes-apristas-hacen-colas-para-dar-ultimo-adios-a-alan-garcia","status":"publish","type":"post","link":"https:\/\/elinformanteperu.com\/index.php\/2019\/04\/19\/simpatizantes-apristas-hacen-colas-para-dar-ultimo-adios-a-alan-garcia\/","title":{"rendered":"Simpatizantes apristas hacen colas para dar \u00faltimo adi\u00f3s a Alan Garc\u00eda"},"content":{"rendered":"<p><strong><span style=\"color: #000000;\">Simpatizantes, partidarios y ciudadanos hacen largas colas para ingresar a la \u201cCasa del Pueblo\u201d a fin de darle el \u00faltimo adi\u00f3s a Alan Garc\u00eda, quien es velado en el Aula Magna.<\/span><\/strong><\/p>\n<p><span style=\"color: #000000;\"><strong>Lima, 18 Abril 2019 (ANDINA).-<\/strong> Simpatizantes, partidarios y ciudadanos hacen largas colas para ingresar a la \u201cCasa del Pueblo\u201d a fin de darle el \u00faltimo adi\u00f3s a Alan Garc\u00eda, quien es velado en el Aula Magna de ese recinto acompa\u00f1ado de sus familiares y amigos.<\/span><\/p>\n<p><span style=\"color: #000000;\">Las colas se extienden unas cuadras por la avenida Alfonso Ugarte. Las personas esperan pacientes el avance lento con el objetivo de acercarse al f\u00e9retro y despedirse de quien fuera presidente de la Rep\u00fablica en dos periodos (1985 -1990 y 2006-2011).<\/span><\/p>\n<p><span style=\"color: #000000;\">En el Aula Magna se levant\u00f3 una capilla ardiente donde fue colocado el ata\u00fad de Alan Garc\u00eda. Su esposa Pilar Nores y los hijos de Garc\u00eda permanecen muy cerca de los restos de su padre.<\/span><\/p>\n<p><span style=\"color: #000000;\">En el transcurso del d\u00eda se han acercado personajes pol\u00edticos como el l\u00edder hist\u00f3rico del Partido Popular Cristiano, Luis Bedoya Reyes; as\u00ed como Lourdes Flores Nano; el alcalde de Lima, Jorge Mu\u00f1oz; el arzobispo de Lima, Carlos Castillo; y el cardenal, Juan Luis Cipriani.<\/span><\/p>\n<p><span style=\"color: #000000;\">El velatorio de Alan Garc\u00eda se desarrollar\u00e1 hasta ma\u00f1ana viernes, d\u00eda de su funeral, el cual se efectuar\u00e1 en el Camposanto Mapfre de Huachipa. Los restos de Garc\u00eda ser\u00e1n cremados, seg\u00fan inform\u00f3 Omar Quesada, dirigente de dicho partido.<\/span><\/p>\n<p><span style=\"color: #000000;\">Las autoridades dispusieron el cierre de un tramo de la avenida Alfonso Ugarte a causa del velatorio que se lleva a cabo en la \u00abCasa del Pueblo\u00bb, local principal del Partido Aprista Peruano.<\/span><\/p>\n<p><span style=\"color: #000000;\">El Poder Ejecutivo declar\u00f3 Duelo Nacional los d\u00edas 17, 18 y 19 de abril de este a\u00f1o, con motivo del deceso del expresidente Alan Gabriel Ludwig Garc\u00eda P\u00e9rez, seg\u00fan una norma legal difundida ayer.<\/span><\/p>\n","protected":false},"excerpt":{"rendered":"<p>Simpatizantes, partidarios y ciudadanos hacen largas colas para ingresar a la \u201cCasa del Pueblo\u201d a fin de darle el \u00faltimo adi\u00f3s a Alan Garc\u00eda, quien es velado en el Aula Magna. Lima, 18 Abril 2019 (ANDINA).- Simpatizantes, partidarios y ciudadanos hacen largas colas para ingresar a la \u201cCasa del Pueblo\u201d a fin de darle el [&hellip;]<\/p>\n","protected":false},"author":1,"featured_media":47370,"comment_status":"open","ping_status":"open","sticky":false,"template":"","format":"standard","meta":{"rop_custom_images_group":[],"rop_custom_messages_group":[],"rop_publish_now":"initial","rop_publish_now_accounts":[],"rop_publish_now_history":[],"rop_publish_now_status":"pending","footnotes":""},"categories":[5],"tags":[854,555],"class_list":["post-47368","post","type-post","status-publish","format-standard","has-post-thumbnail","hentry","category-actualidad-informativa","tag-alan-garcia","tag-apra"],"_links":{"self":[{"href":"https:\/\/elinformanteperu.com\/index.php\/wp-json\/wp\/v2\/posts\/47368","targetHints":{"allow":["GET"]}}],"collection":[{"href":"https:\/\/elinformanteperu.com\/index.php\/wp-json\/wp\/v2\/posts"}],"about":[{"href":"https:\/\/elinformanteperu.com\/index.php\/wp-json\/wp\/v2\/types\/post"}],"author":[{"embeddable":true,"href":"https:\/\/elinformanteperu.com\/index.php\/wp-json\/wp\/v2\/users\/1"}],"replies":[{"embeddable":true,"href":"https:\/\/elinformanteperu.com\/index.php\/wp-json\/wp\/v2\/comments?post=47368"}],"version-history":[{"count":1,"href":"https:\/\/elinformanteperu.com\/index.php\/wp-json\/wp\/v2\/posts\/47368\/revisions"}],"predecessor-version":[{"id":47371,"href":"https:\/\/elinformanteperu.com\/index.php\/wp-json\/wp\/v2\/posts\/47368\/revisions\/47371"}],"wp:featuredmedia":[{"embeddable":true,"href":"https:\/\/elinformanteperu.com\/index.php\/wp-json\/wp\/v2\/media\/47370"}],"wp:attachment":[{"href":"https:\/\/elinformanteperu.com\/index.php\/wp-json\/wp\/v2\/media?parent=47368"}],"wp:term":[{"taxonomy":"category","embeddable":true,"href":"https:\/\/elinformanteperu.com\/index.php\/wp-json\/wp\/v2\/categories?post=47368"},{"taxonomy":"post_tag","embeddable":true,"href":"https:\/\/elinformanteperu.com\/index.php\/wp-json\/wp\/v2\/tags?post=47368"}],"curies":[{"name":"wp","href":"https:\/\/api.w.org\/{rel}","templated":true}]}}