{"id":47303,"date":"2019-04-17T21:16:46","date_gmt":"2019-04-18T02:16:46","guid":{"rendered":"http:\/\/elinformanteperu.com\/?p=47303"},"modified":"2019-04-17T21:16:46","modified_gmt":"2019-04-18T02:16:46","slug":"evo-morales-lamenta-la-muerte-del-exmandatario-peruano-alan-garcia","status":"publish","type":"post","link":"https:\/\/elinformanteperu.com\/index.php\/2019\/04\/17\/evo-morales-lamenta-la-muerte-del-exmandatario-peruano-alan-garcia\/","title":{"rendered":"Evo Morales lamenta la muerte del exmandatario peruano Alan Garc\u00eda"},"content":{"rendered":"<p><strong><span style=\"color: #000000;\">El presidente de Bolivia, Evo Morales, lament\u00f3 la muerte del exmandatario peruano Alan Garc\u00eda, quien se dispar\u00f3 en la cabeza cuando iba a ser detenido.<\/span><\/strong><\/p>\n<p><span style=\"color: #000000;\"><strong>Lima, 17 Abril 2019 (ANDINA).-<\/strong> El presidente de Bolivia, Evo Morales, lament\u00f3 la muerte del exmandatario peruano Alan Garc\u00eda, quien se dispar\u00f3 en la cabeza cuando iba a ser detenido por su presunta implicaci\u00f3n en sobornos de la empresa brasile\u00f1a Odebrecht.<\/span><\/p>\n<p><span style=\"color: #000000;\">\u00abConmovidos con la muerte del expresidente de Per\u00fa, Alan Garc\u00eda. Nos sumamos al dolor de la familia y enviamos nuestras sinceras condolencias. Paz en su tumba\u00bb, escribi\u00f3 el mandatario boliviano en su cuenta oficial de Twitter.<\/span><\/p>\n<p><span style=\"color: #000000;\">Garc\u00eda muri\u00f3 mientras era operado en el hospital Casimiro Ulloa de Lima, a donde fue trasladado de urgencia por agentes de la Polic\u00eda que hab\u00edan llegado a su casa para detenerlo.<\/span><\/p>\n<p><span style=\"color: #000000;\">En tanto, el presidente de la C\u00e1mara de Diputados de Bolivia, el oficialista V\u00edctor Borda, tambi\u00e9n lament\u00f3 este \u00abhecho lamentable\u00bb, pero que \u00abdemuestra que varios exmandatarios latinoamericanos lamentablemente est\u00e1n involucrados\u00bb.<\/span><\/p>\n<p><span style=\"color: #000000;\">Por su parte, el candidato opositor a la Presidencia de Bolivia por la alianza Comunidad Ciudadana, el expresidente boliviano Carlos Mesa, tambi\u00e9n expres\u00f3 su conmoci\u00f3n por la muerte del exmandatario peruano, a quien tild\u00f3 como \u00abuna de las figuras m\u00e1s relevantes de la pol\u00edtica\u00bb en la regi\u00f3n.<\/span><\/p>\n<p><span style=\"color: #000000;\">\u00abConmocionado por la tr\u00e1gica muerte del expresidente Alan Garc\u00eda. M\u00e1s all\u00e1 de cualquier valoraci\u00f3n circunstancial, una de las figuras m\u00e1s relevantes de la pol\u00edtica latinoamericana contempor\u00e1nea. Mis sentidas condolencias\u00bb, manifest\u00f3 Mesa en Twitter.<\/span><\/p>\n<p><span style=\"color: #000000;\">Alan Garc\u00eda era investigado por la Fiscal\u00eda por sobornos que la constructora Odebrecht pag\u00f3 a altos funcionarios de su segundo Gobierno para obtener la adjudicaci\u00f3n para construir la L\u00ednea 1 del Metro de Lima, cuyos indicios de los beneficiarios apuntaban directamente al expresidente.<\/span><\/p>\n<p><span style=\"color: #000000;\">Odebrecht es considerado uno de los mayores casos de corrupci\u00f3n de la historia de Brasil, con investigaciones tambi\u00e9n en otros pa\u00edses como Per\u00fa y Bolivia.<\/span><\/p>\n","protected":false},"excerpt":{"rendered":"<p>El presidente de Bolivia, Evo Morales, lament\u00f3 la muerte del exmandatario peruano Alan Garc\u00eda, quien se dispar\u00f3 en la cabeza cuando iba a ser detenido. Lima, 17 Abril 2019 (ANDINA).- El presidente de Bolivia, Evo Morales, lament\u00f3 la muerte del exmandatario peruano Alan Garc\u00eda, quien se dispar\u00f3 en la cabeza cuando iba a ser detenido [&hellip;]<\/p>\n","protected":false},"author":1,"featured_media":47305,"comment_status":"open","ping_status":"open","sticky":false,"template":"","format":"standard","meta":{"rop_custom_images_group":[],"rop_custom_messages_group":[],"rop_publish_now":"initial","rop_publish_now_accounts":[],"rop_publish_now_history":[],"rop_publish_now_status":"pending","footnotes":""},"categories":[5],"tags":[854,555,2119],"class_list":["post-47303","post","type-post","status-publish","format-standard","has-post-thumbnail","hentry","category-actualidad-informativa","tag-alan-garcia","tag-apra","tag-evo-morales"],"_links":{"self":[{"href":"https:\/\/elinformanteperu.com\/index.php\/wp-json\/wp\/v2\/posts\/47303","targetHints":{"allow":["GET"]}}],"collection":[{"href":"https:\/\/elinformanteperu.com\/index.php\/wp-json\/wp\/v2\/posts"}],"about":[{"href":"https:\/\/elinformanteperu.com\/index.php\/wp-json\/wp\/v2\/types\/post"}],"author":[{"embeddable":true,"href":"https:\/\/elinformanteperu.com\/index.php\/wp-json\/wp\/v2\/users\/1"}],"replies":[{"embeddable":true,"href":"https:\/\/elinformanteperu.com\/index.php\/wp-json\/wp\/v2\/comments?post=47303"}],"version-history":[{"count":1,"href":"https:\/\/elinformanteperu.com\/index.php\/wp-json\/wp\/v2\/posts\/47303\/revisions"}],"predecessor-version":[{"id":47306,"href":"https:\/\/elinformanteperu.com\/index.php\/wp-json\/wp\/v2\/posts\/47303\/revisions\/47306"}],"wp:featuredmedia":[{"embeddable":true,"href":"https:\/\/elinformanteperu.com\/index.php\/wp-json\/wp\/v2\/media\/47305"}],"wp:attachment":[{"href":"https:\/\/elinformanteperu.com\/index.php\/wp-json\/wp\/v2\/media?parent=47303"}],"wp:term":[{"taxonomy":"category","embeddable":true,"href":"https:\/\/elinformanteperu.com\/index.php\/wp-json\/wp\/v2\/categories?post=47303"},{"taxonomy":"post_tag","embeddable":true,"href":"https:\/\/elinformanteperu.com\/index.php\/wp-json\/wp\/v2\/tags?post=47303"}],"curies":[{"name":"wp","href":"https:\/\/api.w.org\/{rel}","templated":true}]}}