{"id":47300,"date":"2019-04-17T20:50:39","date_gmt":"2019-04-18T01:50:39","guid":{"rendered":"http:\/\/elinformanteperu.com\/?p=47300"},"modified":"2019-04-17T20:50:39","modified_gmt":"2019-04-18T01:50:39","slug":"perez-pidio-arresto-domiciliario-para-kuczynski-y-desistio-de-prision-preventiva","status":"publish","type":"post","link":"https:\/\/elinformanteperu.com\/index.php\/2019\/04\/17\/perez-pidio-arresto-domiciliario-para-kuczynski-y-desistio-de-prision-preventiva\/","title":{"rendered":"P\u00e9rez pidi\u00f3 arresto domiciliario para Kuczynski y desisti\u00f3 de prisi\u00f3n preventiva"},"content":{"rendered":"<p><strong><span style=\"color: #000000;\">El fiscal Jos\u00e9 Domingo P\u00e9rez solicit\u00f3 arresto domiciliario para el expresidente Pedro Pablo Kuczynski y desisti\u00f3 del pedido inicial de prisi\u00f3n preventiva en su contra.<\/span><\/strong><\/p>\n<p><span style=\"color: #000000;\"><strong>Lima, 17 Abril 2019 (ANDINA).-<\/strong> El fiscal Jos\u00e9 Domingo P\u00e9rez solicit\u00f3 esta tarde arresto domiciliario para el expresidente Pedro Pablo Kuczynski y desisti\u00f3 del pedido inicial de prisi\u00f3n preventiva en su contra por 36 meses.<\/span><\/p>\n<p><span style=\"color: #000000;\">Tras reanudarse la audiencia en la que se analiza el pedido inicial de prisi\u00f3n preventiva contra Kuczynski, su exsecretaria Gloria Kisic y su chofer Jos\u00e9 Bernaola, P\u00e9rez indic\u00f3 que la raz\u00f3n de este nuevo pedido responde al delicado estado de salud del exmandatario.<\/span><\/p>\n<p><span style=\"color: #000000;\">Kuczynski se encuentra internado en la Unidad de Cuidados Intensivos de una cl\u00ednica local por problemas card\u00edacos.<\/span><\/p>\n<p><span style=\"color: #000000;\">El exgobernante, de 81 a\u00f1os, cumpl\u00eda una orden de detenci\u00f3n preliminar de diez d\u00edas como parte de la investigaci\u00f3n por sus presuntos v\u00ednculos con la mencionada constructora brasile\u00f1a.<\/span><\/p>\n<p><span style=\"color: #000000;\">Se suspende audiencia hasta ma\u00f1ana<\/span><\/p>\n<p><span style=\"color: #000000;\">El juez Jorge Ch\u00e1vez T\u00e1mariz suspendi\u00f3 esta tarde la audiencia contra Kuczynski, su secretaria y chofer. Esta se reanudar\u00e1 ma\u00f1ana jueves a las 9.00 horas.<\/span><\/p>\n<p><span style=\"color: #000000;\">Adem\u00e1s, el magistrado pidi\u00f3 que un m\u00e9dico legista acuda hasta la cl\u00ednica donde se encuentra internado el ex presidente Kuczynski, para que se efect\u00fae una actualizaci\u00f3n de su estado de salud.<\/span><\/p>\n","protected":false},"excerpt":{"rendered":"<p>El fiscal Jos\u00e9 Domingo P\u00e9rez solicit\u00f3 arresto domiciliario para el expresidente Pedro Pablo Kuczynski y desisti\u00f3 del pedido inicial de prisi\u00f3n preventiva en su contra. Lima, 17 Abril 2019 (ANDINA).- El fiscal Jos\u00e9 Domingo P\u00e9rez solicit\u00f3 esta tarde arresto domiciliario para el expresidente Pedro Pablo Kuczynski y desisti\u00f3 del pedido inicial de prisi\u00f3n preventiva en [&hellip;]<\/p>\n","protected":false},"author":1,"featured_media":36996,"comment_status":"open","ping_status":"open","sticky":false,"template":"","format":"standard","meta":{"rop_custom_images_group":[],"rop_custom_messages_group":[],"rop_publish_now":"initial","rop_publish_now_accounts":[],"rop_publish_now_history":[],"rop_publish_now_status":"pending","footnotes":""},"categories":[5],"tags":[2568,74],"class_list":["post-47300","post","type-post","status-publish","format-standard","has-post-thumbnail","hentry","category-actualidad-informativa","tag-jose-domingo-perez","tag-pedro-pablo-kuczynski"],"_links":{"self":[{"href":"https:\/\/elinformanteperu.com\/index.php\/wp-json\/wp\/v2\/posts\/47300","targetHints":{"allow":["GET"]}}],"collection":[{"href":"https:\/\/elinformanteperu.com\/index.php\/wp-json\/wp\/v2\/posts"}],"about":[{"href":"https:\/\/elinformanteperu.com\/index.php\/wp-json\/wp\/v2\/types\/post"}],"author":[{"embeddable":true,"href":"https:\/\/elinformanteperu.com\/index.php\/wp-json\/wp\/v2\/users\/1"}],"replies":[{"embeddable":true,"href":"https:\/\/elinformanteperu.com\/index.php\/wp-json\/wp\/v2\/comments?post=47300"}],"version-history":[{"count":1,"href":"https:\/\/elinformanteperu.com\/index.php\/wp-json\/wp\/v2\/posts\/47300\/revisions"}],"predecessor-version":[{"id":47302,"href":"https:\/\/elinformanteperu.com\/index.php\/wp-json\/wp\/v2\/posts\/47300\/revisions\/47302"}],"wp:featuredmedia":[{"embeddable":true,"href":"https:\/\/elinformanteperu.com\/index.php\/wp-json\/wp\/v2\/media\/36996"}],"wp:attachment":[{"href":"https:\/\/elinformanteperu.com\/index.php\/wp-json\/wp\/v2\/media?parent=47300"}],"wp:term":[{"taxonomy":"category","embeddable":true,"href":"https:\/\/elinformanteperu.com\/index.php\/wp-json\/wp\/v2\/categories?post=47300"},{"taxonomy":"post_tag","embeddable":true,"href":"https:\/\/elinformanteperu.com\/index.php\/wp-json\/wp\/v2\/tags?post=47300"}],"curies":[{"name":"wp","href":"https:\/\/api.w.org\/{rel}","templated":true}]}}