{"id":47296,"date":"2019-04-17T20:35:32","date_gmt":"2019-04-18T01:35:32","guid":{"rendered":"http:\/\/elinformanteperu.com\/?p=47296"},"modified":"2019-04-17T20:35:32","modified_gmt":"2019-04-18T01:35:32","slug":"gobierno-declara-duelo-nacional-por-tres-dias-por-muerte-de-alan-garcia-2","status":"publish","type":"post","link":"https:\/\/elinformanteperu.com\/index.php\/2019\/04\/17\/gobierno-declara-duelo-nacional-por-tres-dias-por-muerte-de-alan-garcia-2\/","title":{"rendered":"Gobierno declara Duelo Nacional por tres d\u00edas por muerte de Alan Garc\u00eda"},"content":{"rendered":"<p><strong><span style=\"color: #000000;\">El Movimiento Nuevo Per\u00fa lament\u00f3 la tr\u00e1gica decisi\u00f3n del expresidente Alan Garc\u00eda, quien se dispar\u00f3 esta ma\u00f1ana durante la diligencia de detenci\u00f3n preliminar en su contra.<\/span><\/strong><\/p>\n<p><span style=\"color: #000000;\"><strong>Lima, 17 Abril 2019 (El Informante Per\u00fa).-<\/strong> El Movimiento Nuevo Per\u00fa lament\u00f3 la tr\u00e1gica decisi\u00f3n del expresidente Alan Garc\u00eda, quien se dispar\u00f3 esta ma\u00f1ana durante la diligencia de detenci\u00f3n preliminar en su contra, y expres\u00f3 sus condolencias a la familia por este suceso.<\/span><\/p>\n<p><span style=\"color: #000000;\">\u201cM\u00e1s all\u00e1 de este lamentable suceso, todos los peruanos deben responder a la justicia por igual. No podemos permitir la utilizaci\u00f3n pol\u00edtica de una tragedia para deslegitimar la lucha contra la corrupci\u00f3n\u201d, afirm\u00f3.<\/span><\/p>\n<p><span style=\"color: #000000;\">A trav\u00e9s de un pronunciamiento, el Nuevo Per\u00fa indica que se \u201cnecesita con urgencia cambios de fondo para que la dram\u00e1tica historia de corrupci\u00f3n generalizada que vivimos se cierre y no se vuelva a repetir\u201d.<\/span><\/p>\n<p><span style=\"color: #000000;\">En el mismo sentido se pronunci\u00f3 la lideresa de esa organizaci\u00f3n pol\u00edtica, Ver\u00f3nika Mendoza, quien dijo lamentar la tr\u00e1gica decisi\u00f3n del expresidente del expresidente Alan Garc\u00eda y su posterior fallecimiento.<\/span><\/p>\n<p><span style=\"color: #000000;\">Alan Garc\u00eda falleci\u00f3 esta ma\u00f1ana, a las 10:05 horas, mientras era atendido en el hospital Casimiro Ulloa, hasta donde fue trasladado por la polic\u00eda, tras dispararse en su domicilio durante la diligencia policial de detenci\u00f3n dictada en su contra por el Poder Judicial.<\/span><\/p>\n<p><span style=\"color: #000000;\">La fiscal\u00eda y la Polic\u00eda hab\u00edan llegado a su vivienda para ejecutar una orden de detenci\u00f3n preliminar en su contra en el marco de las investigaciones por el caso Odebrecht.<\/span><\/p>\n","protected":false},"excerpt":{"rendered":"<p>El Movimiento Nuevo Per\u00fa lament\u00f3 la tr\u00e1gica decisi\u00f3n del expresidente Alan Garc\u00eda, quien se dispar\u00f3 esta ma\u00f1ana durante la diligencia de detenci\u00f3n preliminar en su contra. Lima, 17 Abril 2019 (El Informante Per\u00fa).- El Movimiento Nuevo Per\u00fa lament\u00f3 la tr\u00e1gica decisi\u00f3n del expresidente Alan Garc\u00eda, quien se dispar\u00f3 esta ma\u00f1ana durante la diligencia de detenci\u00f3n [&hellip;]<\/p>\n","protected":false},"author":1,"featured_media":47298,"comment_status":"open","ping_status":"open","sticky":false,"template":"","format":"standard","meta":{"rop_custom_images_group":[],"rop_custom_messages_group":[],"rop_publish_now":"initial","rop_publish_now_accounts":[],"rop_publish_now_history":[],"rop_publish_now_status":"pending","footnotes":""},"categories":[5],"tags":[854,555,446],"class_list":["post-47296","post","type-post","status-publish","format-standard","has-post-thumbnail","hentry","category-actualidad-informativa","tag-alan-garcia","tag-apra","tag-nuevo-peru"],"_links":{"self":[{"href":"https:\/\/elinformanteperu.com\/index.php\/wp-json\/wp\/v2\/posts\/47296","targetHints":{"allow":["GET"]}}],"collection":[{"href":"https:\/\/elinformanteperu.com\/index.php\/wp-json\/wp\/v2\/posts"}],"about":[{"href":"https:\/\/elinformanteperu.com\/index.php\/wp-json\/wp\/v2\/types\/post"}],"author":[{"embeddable":true,"href":"https:\/\/elinformanteperu.com\/index.php\/wp-json\/wp\/v2\/users\/1"}],"replies":[{"embeddable":true,"href":"https:\/\/elinformanteperu.com\/index.php\/wp-json\/wp\/v2\/comments?post=47296"}],"version-history":[{"count":1,"href":"https:\/\/elinformanteperu.com\/index.php\/wp-json\/wp\/v2\/posts\/47296\/revisions"}],"predecessor-version":[{"id":47299,"href":"https:\/\/elinformanteperu.com\/index.php\/wp-json\/wp\/v2\/posts\/47296\/revisions\/47299"}],"wp:featuredmedia":[{"embeddable":true,"href":"https:\/\/elinformanteperu.com\/index.php\/wp-json\/wp\/v2\/media\/47298"}],"wp:attachment":[{"href":"https:\/\/elinformanteperu.com\/index.php\/wp-json\/wp\/v2\/media?parent=47296"}],"wp:term":[{"taxonomy":"category","embeddable":true,"href":"https:\/\/elinformanteperu.com\/index.php\/wp-json\/wp\/v2\/categories?post=47296"},{"taxonomy":"post_tag","embeddable":true,"href":"https:\/\/elinformanteperu.com\/index.php\/wp-json\/wp\/v2\/tags?post=47296"}],"curies":[{"name":"wp","href":"https:\/\/api.w.org\/{rel}","templated":true}]}}