{"id":47264,"date":"2019-04-17T19:37:50","date_gmt":"2019-04-18T00:37:50","guid":{"rendered":"http:\/\/elinformanteperu.com\/?p=47264"},"modified":"2019-04-17T19:37:50","modified_gmt":"2019-04-18T00:37:50","slug":"presidente-de-chile-sebastian-pinera-lamenta-muerte-de-alan-garcia","status":"publish","type":"post","link":"https:\/\/elinformanteperu.com\/index.php\/2019\/04\/17\/presidente-de-chile-sebastian-pinera-lamenta-muerte-de-alan-garcia\/","title":{"rendered":"Presidente de Chile, Sebasti\u00e1n Pi\u00f1era, lamenta muerte de Alan Garc\u00eda"},"content":{"rendered":"<p><strong><span style=\"color: #000000;\">El presidente de Chile, Sebasti\u00e1n Pi\u00f1era, lament\u00f3 hoy \u00abla tr\u00e1gica muerte\u00bb del expresidente peruano Alan Garc\u00eda P\u00e9rez, ocurrida esta ma\u00f1ana.<\/span><\/strong><\/p>\n<p><span style=\"color: #000000;\"><strong>Lima, 17 Abril 2019 (ANDINA).-<\/strong> El presidente de Chile, Sebasti\u00e1n Pi\u00f1era, lament\u00f3 hoy \u00abla tr\u00e1gica muerte\u00bb del expresidente peruano Alan Garc\u00eda P\u00e9rez, ocurrida esta ma\u00f1ana.<\/span><\/p>\n<p><span style=\"color: #000000;\">\u00abMe toc\u00f3 interactuar mucho con \u00e9l, no solo cuando ejercimos simult\u00e1neamente la presidencia, sino tambi\u00e9n antes y despu\u00e9s. Que Dios acoja su alma. Mis pensamientos y oraciones est\u00e1n con su familia\u00bb, expres\u00f3 Pi\u00f1era en su cuenta de Twitter.<\/span><\/p>\n<p><img fetchpriority=\"high\" decoding=\"async\" class=\"aligncenter size-full wp-image-47266\" src=\"http:\/\/elinformanteperu.com\/wp-content\/uploads\/2019\/04\/Pi\u00f1era-tweet-asesinato-de-alan.jpg\" alt=\"\" width=\"523\" height=\"259\" srcset=\"https:\/\/elinformanteperu.com\/wp-content\/uploads\/2019\/04\/Pi\u00f1era-tweet-asesinato-de-alan.jpg 523w, https:\/\/elinformanteperu.com\/wp-content\/uploads\/2019\/04\/Pi\u00f1era-tweet-asesinato-de-alan-300x149.jpg 300w, https:\/\/elinformanteperu.com\/wp-content\/uploads\/2019\/04\/Pi\u00f1era-tweet-asesinato-de-alan-128x63.jpg 128w, https:\/\/elinformanteperu.com\/wp-content\/uploads\/2019\/04\/Pi\u00f1era-tweet-asesinato-de-alan-32x16.jpg 32w\" sizes=\"(max-width: 523px) 100vw, 523px\" \/><\/p>\n<p><span style=\"color: #000000;\">Por su parte, el expresidente colombiano Alvaro Uribe expres\u00f3 su solidaridad con los seres queridos del desaparecido exmandatario.<\/span><\/p>\n<p><span style=\"color: #000000;\">\u00abEl expresidente Alan Garc\u00eda fue un buen amigo de Colombia, las relaciones con su reciente gobierno fueron excelentes\u00bb, escribi\u00f3.<\/span><\/p>\n<p><span style=\"color: #000000;\">Mucho m\u00e1s fuerte en sus comentario fue el expresidente de Ecuador, Rafael Correa, quien sostuvo que \u00abSi Alan Garc\u00eda fue perseguido injustamente, su suicidio es en realidad un asesinato\u00bb, manifest\u00f3.<\/span><\/p>\n<p><span style=\"color: #000000;\">Reclama tambi\u00e9n que ya hay que decir basta \u00aba tanto abuso\u00bb y env\u00eda un abrazo solidario a su familia.<\/span><\/p>\n<p><span style=\"color: #000000;\">\u00abQue su sacrificio sirva para entender que la lucha pol\u00edtica tiene l\u00edmites. Que no se puede jugar con honra y libertad de las personas\u00bb, remarc\u00f3.<\/span><\/p>\n<p><img decoding=\"async\" class=\"aligncenter size-full wp-image-47267\" src=\"http:\/\/elinformanteperu.com\/wp-content\/uploads\/2019\/04\/Rafael-correa-tweet-asesinato-alan.jpg\" alt=\"\" width=\"521\" height=\"256\" srcset=\"https:\/\/elinformanteperu.com\/wp-content\/uploads\/2019\/04\/Rafael-correa-tweet-asesinato-alan.jpg 521w, https:\/\/elinformanteperu.com\/wp-content\/uploads\/2019\/04\/Rafael-correa-tweet-asesinato-alan-300x147.jpg 300w, https:\/\/elinformanteperu.com\/wp-content\/uploads\/2019\/04\/Rafael-correa-tweet-asesinato-alan-128x63.jpg 128w, https:\/\/elinformanteperu.com\/wp-content\/uploads\/2019\/04\/Rafael-correa-tweet-asesinato-alan-32x16.jpg 32w\" sizes=\"(max-width: 521px) 100vw, 521px\" \/><\/p>\n<p><span style=\"color: #000000;\">Garc\u00eda P\u00e9rez falleci\u00f3 esta ma\u00f1ana debido a \u00abuna hemorragia cerebral masiva por proyectil de arma de fuego y paro cardiorespiratorio\u00bb, seg\u00fan el comunicado del hospital Jos\u00e9 Casimiro Ulloa<\/span><\/p>\n<p><span style=\"color: #000000;\">El exgobernante se autoelimin\u00f3 de un balazo en la cabeza cuando el Ministerio P\u00fablico allan\u00f3 su vivienda y se dispon\u00eda a ejecutar una orden de detenci\u00f3n preliminar en su contra. Fue llevado de inmediato al hospital Jos\u00e9 Casimiro Ulloa donde dej\u00f3 de existir.<\/span><\/p>\n","protected":false},"excerpt":{"rendered":"<p>El presidente de Chile, Sebasti\u00e1n Pi\u00f1era, lament\u00f3 hoy \u00abla tr\u00e1gica muerte\u00bb del expresidente peruano Alan Garc\u00eda P\u00e9rez, ocurrida esta ma\u00f1ana. Lima, 17 Abril 2019 (ANDINA).- El presidente de Chile, Sebasti\u00e1n Pi\u00f1era, lament\u00f3 hoy \u00abla tr\u00e1gica muerte\u00bb del expresidente peruano Alan Garc\u00eda P\u00e9rez, ocurrida esta ma\u00f1ana. \u00abMe toc\u00f3 interactuar mucho con \u00e9l, no solo cuando ejercimos [&hellip;]<\/p>\n","protected":false},"author":1,"featured_media":4804,"comment_status":"open","ping_status":"open","sticky":false,"template":"","format":"standard","meta":{"rop_custom_images_group":[],"rop_custom_messages_group":[],"rop_publish_now":"initial","rop_publish_now_accounts":[],"rop_publish_now_history":[],"rop_publish_now_status":"pending","footnotes":""},"categories":[5],"tags":[854,619,1545,2879],"class_list":["post-47264","post","type-post","status-publish","format-standard","has-post-thumbnail","hentry","category-actualidad-informativa","tag-alan-garcia","tag-odebrecht","tag-rafael-correa","tag-sebastian-pinera"],"_links":{"self":[{"href":"https:\/\/elinformanteperu.com\/index.php\/wp-json\/wp\/v2\/posts\/47264","targetHints":{"allow":["GET"]}}],"collection":[{"href":"https:\/\/elinformanteperu.com\/index.php\/wp-json\/wp\/v2\/posts"}],"about":[{"href":"https:\/\/elinformanteperu.com\/index.php\/wp-json\/wp\/v2\/types\/post"}],"author":[{"embeddable":true,"href":"https:\/\/elinformanteperu.com\/index.php\/wp-json\/wp\/v2\/users\/1"}],"replies":[{"embeddable":true,"href":"https:\/\/elinformanteperu.com\/index.php\/wp-json\/wp\/v2\/comments?post=47264"}],"version-history":[{"count":1,"href":"https:\/\/elinformanteperu.com\/index.php\/wp-json\/wp\/v2\/posts\/47264\/revisions"}],"predecessor-version":[{"id":47268,"href":"https:\/\/elinformanteperu.com\/index.php\/wp-json\/wp\/v2\/posts\/47264\/revisions\/47268"}],"wp:featuredmedia":[{"embeddable":true,"href":"https:\/\/elinformanteperu.com\/index.php\/wp-json\/wp\/v2\/media\/4804"}],"wp:attachment":[{"href":"https:\/\/elinformanteperu.com\/index.php\/wp-json\/wp\/v2\/media?parent=47264"}],"wp:term":[{"taxonomy":"category","embeddable":true,"href":"https:\/\/elinformanteperu.com\/index.php\/wp-json\/wp\/v2\/categories?post=47264"},{"taxonomy":"post_tag","embeddable":true,"href":"https:\/\/elinformanteperu.com\/index.php\/wp-json\/wp\/v2\/tags?post=47264"}],"curies":[{"name":"wp","href":"https:\/\/api.w.org\/{rel}","templated":true}]}}