{"id":47260,"date":"2019-04-17T19:34:42","date_gmt":"2019-04-18T00:34:42","guid":{"rendered":"http:\/\/elinformanteperu.com\/?p=47260"},"modified":"2019-04-17T19:34:42","modified_gmt":"2019-04-18T00:34:42","slug":"expresidente-kuczynski-internado-en-cuidados-intensivos","status":"publish","type":"post","link":"https:\/\/elinformanteperu.com\/index.php\/2019\/04\/17\/expresidente-kuczynski-internado-en-cuidados-intensivos\/","title":{"rendered":"Expresidente Kuczynski internado en cuidados intensivos"},"content":{"rendered":"<p><strong><span style=\"color: #000000;\">El expresidente Pedro Pablo Kuczynski (PPK) fue ingresado a la unidad de cuidados intensivos de una cl\u00ednica local<\/span><\/strong><\/p>\n<p><span style=\"color: #000000;\"><strong>Lima, 17 Abril 2019 (ANDINA).-<\/strong> El expresidente Pedro Pablo Kuczynski (PPK) fue ingresado a la unidad de cuidados intensivos de una cl\u00ednica local, inform\u00f3 RPP.<\/span><\/p>\n<p><span style=\"color: #000000;\">Kuczynski, quien cumple detenci\u00f3n preliminar por el caso Odebrecht y afronta un pedido de prisi\u00f3n preventiva, fue trasladado ayer a la cl\u00ednica Angloamericana, en el distrito de San Isidro, por presentar un cuadro de presi\u00f3n arterial alta.<\/span><\/p>\n<p><span style=\"color: #000000;\">En estos momentos, el Poder Judicial lleva a cabo la audiencia para evaluar el requerimiento de prisi\u00f3n preventiva por un plazo de 36 meses por la presunta comisi\u00f3n del delito de lavado de activos.<\/span><\/p>\n<p><span style=\"color: #000000;\">El exgobernante, de 81 a\u00f1os, cumpl\u00eda una orden de detenci\u00f3n preliminar de diez d\u00edas como parte de la investigaci\u00f3n por sus presuntos v\u00ednculos con la mencionada constructora brasile\u00f1a.<\/span><\/p>\n","protected":false},"excerpt":{"rendered":"<p>El expresidente Pedro Pablo Kuczynski (PPK) fue ingresado a la unidad de cuidados intensivos de una cl\u00ednica local Lima, 17 Abril 2019 (ANDINA).- El expresidente Pedro Pablo Kuczynski (PPK) fue ingresado a la unidad de cuidados intensivos de una cl\u00ednica local, inform\u00f3 RPP. Kuczynski, quien cumple detenci\u00f3n preliminar por el caso Odebrecht y afronta un [&hellip;]<\/p>\n","protected":false},"author":1,"featured_media":47262,"comment_status":"open","ping_status":"open","sticky":false,"template":"","format":"standard","meta":{"rop_custom_images_group":[],"rop_custom_messages_group":[],"rop_publish_now":"initial","rop_publish_now_accounts":[],"rop_publish_now_history":[],"rop_publish_now_status":"pending","footnotes":""},"categories":[5],"tags":[619,74,163],"class_list":["post-47260","post","type-post","status-publish","format-standard","has-post-thumbnail","hentry","category-actualidad-informativa","tag-odebrecht","tag-pedro-pablo-kuczynski","tag-poder-judicial"],"_links":{"self":[{"href":"https:\/\/elinformanteperu.com\/index.php\/wp-json\/wp\/v2\/posts\/47260","targetHints":{"allow":["GET"]}}],"collection":[{"href":"https:\/\/elinformanteperu.com\/index.php\/wp-json\/wp\/v2\/posts"}],"about":[{"href":"https:\/\/elinformanteperu.com\/index.php\/wp-json\/wp\/v2\/types\/post"}],"author":[{"embeddable":true,"href":"https:\/\/elinformanteperu.com\/index.php\/wp-json\/wp\/v2\/users\/1"}],"replies":[{"embeddable":true,"href":"https:\/\/elinformanteperu.com\/index.php\/wp-json\/wp\/v2\/comments?post=47260"}],"version-history":[{"count":1,"href":"https:\/\/elinformanteperu.com\/index.php\/wp-json\/wp\/v2\/posts\/47260\/revisions"}],"predecessor-version":[{"id":47263,"href":"https:\/\/elinformanteperu.com\/index.php\/wp-json\/wp\/v2\/posts\/47260\/revisions\/47263"}],"wp:featuredmedia":[{"embeddable":true,"href":"https:\/\/elinformanteperu.com\/index.php\/wp-json\/wp\/v2\/media\/47262"}],"wp:attachment":[{"href":"https:\/\/elinformanteperu.com\/index.php\/wp-json\/wp\/v2\/media?parent=47260"}],"wp:term":[{"taxonomy":"category","embeddable":true,"href":"https:\/\/elinformanteperu.com\/index.php\/wp-json\/wp\/v2\/categories?post=47260"},{"taxonomy":"post_tag","embeddable":true,"href":"https:\/\/elinformanteperu.com\/index.php\/wp-json\/wp\/v2\/tags?post=47260"}],"curies":[{"name":"wp","href":"https:\/\/api.w.org\/{rel}","templated":true}]}}