{"id":46899,"date":"2019-04-05T07:45:57","date_gmt":"2019-04-05T12:45:57","guid":{"rendered":"http:\/\/elinformanteperu.com\/?p=46899"},"modified":"2019-04-05T07:45:57","modified_gmt":"2019-04-05T12:45:57","slug":"exasesora-de-chavarry-denuncia-acoso-y-hostigamiento-sexual","status":"publish","type":"post","link":"https:\/\/elinformanteperu.com\/index.php\/2019\/04\/05\/exasesora-de-chavarry-denuncia-acoso-y-hostigamiento-sexual\/","title":{"rendered":"Exasesora de Ch\u00e1varry denuncia acoso y hostigamiento sexual"},"content":{"rendered":"<p><strong><span style=\"color: #000000;\">Rosa Mar\u00eda Venegas, exasesora Pedro Ch\u00e1varry, denunci\u00f3 que fue v\u00edctima de acoso y hostigamiento sexual dentro del Ministerio P\u00fablico, su excentro de labores.<\/span><\/strong><\/p>\n<p><span style=\"color: #000000;\"><strong>Lima, 04 de Abril 2019, (ANDINA).-<\/strong> Rosa Mar\u00eda Venegas, exasesora Pedro Ch\u00e1varry, denunci\u00f3 que fue v\u00edctima de acoso y hostigamiento sexual dentro del Ministerio P\u00fablico, su excentro de labores.<\/span><\/p>\n<p><span style=\"color: #000000;\">Venegas, una de las principales involucradas en el deslacrado ilegal de una oficina del Ministerio P\u00fablico, mantuvo en reserva el nombre del presunto agresor, no obstante indic\u00f3 que su exjefe sab\u00eda de esta situaci\u00f3n y no hizo nada al respecto.<\/span><\/p>\n<p><span style=\"color: #000000;\">\u00abLas diligencias, a solicitud m\u00eda, que estoy realizando en Medicina Legal es porque estoy siendo sometida a pericia psicol\u00f3gica y pericia psiqui\u00e1trica a pedido m\u00edo. Yo se\u00f1ores, como muchas mujeres, fui v\u00edctima de acoso y hostigamiento sexual en mi trabajo. Lo sab\u00eda la autoridad y no hicieron nada (&#8230;)\u00bb, se\u00f1al\u00f3 a la prensa.<\/span><\/p>\n<p><span style=\"color: #000000;\">Rosa Venegas declar\u00f3 a la prensa cuando sali\u00f3 de la empresa Claro, donde asisti\u00f3 junto al fiscal anticorrupci\u00f3n Reynaldo Abia para pedir el registro de sus llamadas telef\u00f3nicas y as\u00ed probar su testimonio ante el Ministerio P\u00fablico por la investigaci\u00f3n en su contra por la violaci\u00f3n del lacrado de una oficina de esa instituci\u00f3n.<\/span><\/p>\n<p><span style=\"color: #000000;\">Rosa Mar\u00eda Venegas es pieza clave en las investigaciones a Ch\u00e1varry. En videos registrados por las c\u00e1maras de seguridad del Ministerio P\u00fablico, se aprecia a la exasesora ingresar a una oficina lacrada por el fiscal Jos\u00e9 Domingo P\u00e9rez.<\/span><\/p>\n","protected":false},"excerpt":{"rendered":"<p>Rosa Mar\u00eda Venegas, exasesora Pedro Ch\u00e1varry, denunci\u00f3 que fue v\u00edctima de acoso y hostigamiento sexual dentro del Ministerio P\u00fablico, su excentro de labores. Lima, 04 de Abril 2019, (ANDINA).- Rosa Mar\u00eda Venegas, exasesora Pedro Ch\u00e1varry, denunci\u00f3 que fue v\u00edctima de acoso y hostigamiento sexual dentro del Ministerio P\u00fablico, su excentro de labores. Venegas, una de [&hellip;]<\/p>\n","protected":false},"author":1,"featured_media":46901,"comment_status":"open","ping_status":"open","sticky":false,"template":"","format":"standard","meta":{"rop_custom_images_group":[],"rop_custom_messages_group":[],"rop_publish_now":"initial","rop_publish_now_accounts":[],"rop_publish_now_history":[],"rop_publish_now_status":"pending","footnotes":""},"categories":[5],"tags":[370,3209,4027],"class_list":["post-46899","post","type-post","status-publish","format-standard","has-post-thumbnail","hentry","category-actualidad-informativa","tag-ministerio-publico","tag-pedro-chavarry","tag-rosa-venegas-mello"],"_links":{"self":[{"href":"https:\/\/elinformanteperu.com\/index.php\/wp-json\/wp\/v2\/posts\/46899","targetHints":{"allow":["GET"]}}],"collection":[{"href":"https:\/\/elinformanteperu.com\/index.php\/wp-json\/wp\/v2\/posts"}],"about":[{"href":"https:\/\/elinformanteperu.com\/index.php\/wp-json\/wp\/v2\/types\/post"}],"author":[{"embeddable":true,"href":"https:\/\/elinformanteperu.com\/index.php\/wp-json\/wp\/v2\/users\/1"}],"replies":[{"embeddable":true,"href":"https:\/\/elinformanteperu.com\/index.php\/wp-json\/wp\/v2\/comments?post=46899"}],"version-history":[{"count":1,"href":"https:\/\/elinformanteperu.com\/index.php\/wp-json\/wp\/v2\/posts\/46899\/revisions"}],"predecessor-version":[{"id":46902,"href":"https:\/\/elinformanteperu.com\/index.php\/wp-json\/wp\/v2\/posts\/46899\/revisions\/46902"}],"wp:featuredmedia":[{"embeddable":true,"href":"https:\/\/elinformanteperu.com\/index.php\/wp-json\/wp\/v2\/media\/46901"}],"wp:attachment":[{"href":"https:\/\/elinformanteperu.com\/index.php\/wp-json\/wp\/v2\/media?parent=46899"}],"wp:term":[{"taxonomy":"category","embeddable":true,"href":"https:\/\/elinformanteperu.com\/index.php\/wp-json\/wp\/v2\/categories?post=46899"},{"taxonomy":"post_tag","embeddable":true,"href":"https:\/\/elinformanteperu.com\/index.php\/wp-json\/wp\/v2\/tags?post=46899"}],"curies":[{"name":"wp","href":"https:\/\/api.w.org\/{rel}","templated":true}]}}