{"id":46748,"date":"2019-04-03T20:03:56","date_gmt":"2019-04-04T01:03:56","guid":{"rendered":"http:\/\/elinformanteperu.com\/?p=46748"},"modified":"2019-04-03T20:03:56","modified_gmt":"2019-04-04T01:03:56","slug":"llega-la-nueva-temporada-de-vampirina","status":"publish","type":"post","link":"https:\/\/elinformanteperu.com\/index.php\/2019\/04\/03\/llega-la-nueva-temporada-de-vampirina\/","title":{"rendered":"Llega la nueva temporada de Vampirina"},"content":{"rendered":"<p><strong><span style=\"color: #000000;\">Los episodios estreno desembarcan en Latinoam\u00e9rica en el marco de una excelente performance de la serie en los \u00faltimos meses. \u201cVimpi\u201d y su familia est\u00e1 llegando a Disney Junior el pr\u00f3ximo 6 de abril<\/span><\/strong><\/p>\n<p><span style=\"color: #000000;\"><strong>Lima, 03 de Abril 2019, (El Informante Per\u00fa).-<\/strong> \u201cVimpi\u201d y su familia est\u00e1n llegando a Disney Junior con nuevas historias vampirescamente divertidas: el pr\u00f3ximo 6 de abril a las 3:30 estrena en Latinoam\u00e9rica la nueva temporada de Vampirina, la exitosa producci\u00f3n animada que sigue las andanzas de los Siniestrez, una familia vampira que vive entre los humanos en la ciudad de Pensilvania.\u00a0<\/span><\/p>\n<p><span style=\"color: #000000;\">La nueva temporada de Vampirina encuentra nuevamente a Vampirina &#8211; alias \u201cVimpi\u201d &#8211; y su familia en su nuevo hogar en Pensilvania, luego de haberse mudado a esa ciudad desde Transilvania. En los episodios estreno, \u201cVimpi\u201d contin\u00faa adapt\u00e1ndose a su nueva vida en el mundo humano, enfrentando desaf\u00edos en la escuela, compartiendo momentos emocionantes con sus amigos, y adquiriendo valiosas lecciones acerca de la importancia de ser uno mismo y celebrar las cualidades que nos hacen \u00fanicos.\u00a0<\/span><\/p>\n<p><span style=\"color: #000000;\">Cada episodio de Vampirina cuenta con dos historias de 11 minutos de duraci\u00f3n y una canci\u00f3n original. La serie se emite de lunes a viernes a las 3:30 por Disney Junior.<\/span><\/p>\n","protected":false},"excerpt":{"rendered":"<p>Los episodios estreno desembarcan en Latinoam\u00e9rica en el marco de una excelente performance de la serie en los \u00faltimos meses. \u201cVimpi\u201d y su familia est\u00e1 llegando a Disney Junior el pr\u00f3ximo 6 de abril Lima, 03 de Abril 2019, (El Informante Per\u00fa).- \u201cVimpi\u201d y su familia est\u00e1n llegando a Disney Junior con nuevas historias vampirescamente [&hellip;]<\/p>\n","protected":false},"author":1,"featured_media":46750,"comment_status":"open","ping_status":"open","sticky":false,"template":"","format":"standard","meta":{"rop_custom_images_group":[],"rop_custom_messages_group":[],"rop_publish_now":"initial","rop_publish_now_accounts":[],"rop_publish_now_history":[],"rop_publish_now_status":"pending","footnotes":""},"categories":[70],"tags":[411,4315],"class_list":["post-46748","post","type-post","status-publish","format-standard","has-post-thumbnail","hentry","category-farandula","tag-disney-junior","tag-vampirina"],"_links":{"self":[{"href":"https:\/\/elinformanteperu.com\/index.php\/wp-json\/wp\/v2\/posts\/46748","targetHints":{"allow":["GET"]}}],"collection":[{"href":"https:\/\/elinformanteperu.com\/index.php\/wp-json\/wp\/v2\/posts"}],"about":[{"href":"https:\/\/elinformanteperu.com\/index.php\/wp-json\/wp\/v2\/types\/post"}],"author":[{"embeddable":true,"href":"https:\/\/elinformanteperu.com\/index.php\/wp-json\/wp\/v2\/users\/1"}],"replies":[{"embeddable":true,"href":"https:\/\/elinformanteperu.com\/index.php\/wp-json\/wp\/v2\/comments?post=46748"}],"version-history":[{"count":1,"href":"https:\/\/elinformanteperu.com\/index.php\/wp-json\/wp\/v2\/posts\/46748\/revisions"}],"predecessor-version":[{"id":46751,"href":"https:\/\/elinformanteperu.com\/index.php\/wp-json\/wp\/v2\/posts\/46748\/revisions\/46751"}],"wp:featuredmedia":[{"embeddable":true,"href":"https:\/\/elinformanteperu.com\/index.php\/wp-json\/wp\/v2\/media\/46750"}],"wp:attachment":[{"href":"https:\/\/elinformanteperu.com\/index.php\/wp-json\/wp\/v2\/media?parent=46748"}],"wp:term":[{"taxonomy":"category","embeddable":true,"href":"https:\/\/elinformanteperu.com\/index.php\/wp-json\/wp\/v2\/categories?post=46748"},{"taxonomy":"post_tag","embeddable":true,"href":"https:\/\/elinformanteperu.com\/index.php\/wp-json\/wp\/v2\/tags?post=46748"}],"curies":[{"name":"wp","href":"https:\/\/api.w.org\/{rel}","templated":true}]}}