{"id":46455,"date":"2019-03-29T18:18:31","date_gmt":"2019-03-29T23:18:31","guid":{"rendered":"http:\/\/elinformanteperu.com\/?p=46455"},"modified":"2019-03-29T18:18:31","modified_gmt":"2019-03-29T23:18:31","slug":"cineasta-libanesa-presidira-jurado-en-seccion-del-festival-de-cannes","status":"publish","type":"post","link":"https:\/\/elinformanteperu.com\/index.php\/2019\/03\/29\/cineasta-libanesa-presidira-jurado-en-seccion-del-festival-de-cannes\/","title":{"rendered":"Cineasta libanesa presidir\u00e1 jurado en secci\u00f3n del Festival de Cannes"},"content":{"rendered":"<p><span style=\"color: #000000;\"><strong>La cineasta libanesa Nadine Labaki ser\u00e1 la presidenta del jurado de la secci\u00f3n &#8216;Un certain regard&#8217; en el pr\u00f3ximo Festival de Cine de Cannes, en Francia.<\/strong><\/span><\/p>\n<p><span style=\"color: #000000;\"><strong>Par\u00eds, 28 de Marzo 2019, (Prensa Latina).-<\/strong> La cineasta libanesa Nadine Labaki ser\u00e1 la presidenta del jurado de la secci\u00f3n &#8216;Un certain regard&#8217; en el pr\u00f3ximo Festival de Cine de Cannes, en Francia, anunci\u00f3 el comit\u00e9 organizador.<\/span><\/p>\n<p><span style=\"color: #000000;\">La joven realizadora, y tambi\u00e9n actriz, encabezar\u00e1 el jurado de ese apartado, el segundo en importancia en el reconocido evento, previsto del 14 al 25 de mayo en Cannes, ciudad balneario del sur del pa\u00eds.<\/span><\/p>\n<p><span style=\"color: #000000;\">En un comunicado, los organizadores resaltaron que con tres largometrajes producidos, Labaki ha logrado un &#8216;renombre internacional&#8217;, y record\u00f3 que las tres producciones han sido presentadas en Cannes.<\/span><\/p>\n<p><span style=\"color: #000000;\">Su m\u00e1s reciente filme, &#8216;Cafarnao&#8217;, se laz\u00f3 el a\u00f1o pasado con el Premio del Jurado.<\/span><\/p>\n<p><span style=\"color: #000000;\">La propia cineasta evoc\u00f3 cu\u00e1nto ha significado el festival franc\u00e9s para su carrera, y se mostr\u00f3 agradecida pues &#8216;la vida aporta a veces m\u00e1s que los sue\u00f1os&#8217;.<\/span><\/p>\n<p><img fetchpriority=\"high\" decoding=\"async\" class=\"aligncenter size-full wp-image-10208\" src=\"http:\/\/elinformanteperu.com\/wp-content\/uploads\/2017\/05\/cannes-2017-inauguracion2.jpg\" alt=\"\" width=\"667\" height=\"386\" srcset=\"https:\/\/elinformanteperu.com\/wp-content\/uploads\/2017\/05\/cannes-2017-inauguracion2.jpg 667w, https:\/\/elinformanteperu.com\/wp-content\/uploads\/2017\/05\/cannes-2017-inauguracion2-300x174.jpg 300w, https:\/\/elinformanteperu.com\/wp-content\/uploads\/2017\/05\/cannes-2017-inauguracion2-128x74.jpg 128w, https:\/\/elinformanteperu.com\/wp-content\/uploads\/2017\/05\/cannes-2017-inauguracion2-32x19.jpg 32w\" sizes=\"(max-width: 667px) 100vw, 667px\" \/><\/p>\n","protected":false},"excerpt":{"rendered":"<p>La cineasta libanesa Nadine Labaki ser\u00e1 la presidenta del jurado de la secci\u00f3n &#8216;Un certain regard&#8217; en el pr\u00f3ximo Festival de Cine de Cannes, en Francia. Par\u00eds, 28 de Marzo 2019, (Prensa Latina).- La cineasta libanesa Nadine Labaki ser\u00e1 la presidenta del jurado de la secci\u00f3n &#8216;Un certain regard&#8217; en el pr\u00f3ximo Festival de Cine [&hellip;]<\/p>\n","protected":false},"author":1,"featured_media":46457,"comment_status":"open","ping_status":"open","sticky":false,"template":"","format":"standard","meta":{"rop_custom_images_group":[],"rop_custom_messages_group":[],"rop_publish_now":"initial","rop_publish_now_accounts":[],"rop_publish_now_history":[],"rop_publish_now_status":"pending","footnotes":""},"categories":[7],"tags":[4241],"class_list":["post-46455","post","type-post","status-publish","format-standard","has-post-thumbnail","hentry","category-butaca","tag-cannes-2019"],"_links":{"self":[{"href":"https:\/\/elinformanteperu.com\/index.php\/wp-json\/wp\/v2\/posts\/46455","targetHints":{"allow":["GET"]}}],"collection":[{"href":"https:\/\/elinformanteperu.com\/index.php\/wp-json\/wp\/v2\/posts"}],"about":[{"href":"https:\/\/elinformanteperu.com\/index.php\/wp-json\/wp\/v2\/types\/post"}],"author":[{"embeddable":true,"href":"https:\/\/elinformanteperu.com\/index.php\/wp-json\/wp\/v2\/users\/1"}],"replies":[{"embeddable":true,"href":"https:\/\/elinformanteperu.com\/index.php\/wp-json\/wp\/v2\/comments?post=46455"}],"version-history":[{"count":1,"href":"https:\/\/elinformanteperu.com\/index.php\/wp-json\/wp\/v2\/posts\/46455\/revisions"}],"predecessor-version":[{"id":46458,"href":"https:\/\/elinformanteperu.com\/index.php\/wp-json\/wp\/v2\/posts\/46455\/revisions\/46458"}],"wp:featuredmedia":[{"embeddable":true,"href":"https:\/\/elinformanteperu.com\/index.php\/wp-json\/wp\/v2\/media\/46457"}],"wp:attachment":[{"href":"https:\/\/elinformanteperu.com\/index.php\/wp-json\/wp\/v2\/media?parent=46455"}],"wp:term":[{"taxonomy":"category","embeddable":true,"href":"https:\/\/elinformanteperu.com\/index.php\/wp-json\/wp\/v2\/categories?post=46455"},{"taxonomy":"post_tag","embeddable":true,"href":"https:\/\/elinformanteperu.com\/index.php\/wp-json\/wp\/v2\/tags?post=46455"}],"curies":[{"name":"wp","href":"https:\/\/api.w.org\/{rel}","templated":true}]}}