{"id":46452,"date":"2019-03-29T07:46:18","date_gmt":"2019-03-29T12:46:18","guid":{"rendered":"http:\/\/elinformanteperu.com\/?p=46452"},"modified":"2019-03-29T07:46:18","modified_gmt":"2019-03-29T12:46:18","slug":"las-bambas-fiscalia-aclara-que-no-investiga-a-comuneros","status":"publish","type":"post","link":"https:\/\/elinformanteperu.com\/index.php\/2019\/03\/29\/las-bambas-fiscalia-aclara-que-no-investiga-a-comuneros\/","title":{"rendered":"Las Bambas: Fiscal\u00eda aclara que no investiga a comuneros"},"content":{"rendered":"<p><strong><span style=\"color: #000000;\">El fiscal coordinador de las Fiscal\u00edas contra el Crimen Organizado, Jorge Ch\u00e1vez Cotrina inform\u00f3 que el Ministerio P\u00fablico investiga a los hermanos Ch\u00e1vez Sotelo y no a los comuneros de Las Bambas.<\/span><\/strong><\/p>\n<p><span style=\"color: #000000;\"><strong>Lima, 28 de Marzo 2019, (ANDINA).-<\/strong> El fiscal coordinador de las Fiscal\u00edas contra el Crimen Organizado, Jorge Ch\u00e1vez Cotrina inform\u00f3 que el Ministerio P\u00fablico investiga a los hermanos Jorge Mart\u00edn y Frank An\u00edbal Ch\u00e1vez Sotelo, quien asesoraban a la comunidad de Fuerabamba (Apur\u00edmac) y no a los comuneros de la zona de influencia de la mina Las Bambas.<\/span><\/p>\n<p><span style=\"color: #000000;\">\u201cEstamos continuando con las investigaciones en la Dinincri. Ha venido nuestro fiscal Jafet Vel\u00e1squez, fiscal provincial de Abancay, para dirigir la investigaci\u00f3n. \u00c9l cuenta con un fiscal adjunto y un grupo de fiscales de crimen organizado para avanzar con diligencia para que obviamente concluyamos esto lo m\u00e1s pronto posible (&#8230;)\u201d, precis\u00f3.<\/span><\/p>\n<p><span style=\"color: #000000;\">En un video publicado en la cuenta de Twitter del Ministerio P\u00fablico, Jorge Ch\u00e1vez Cotrina precis\u00f3 que en sus investigaciones, los fiscales act\u00faan en forma independiente y con la autonom\u00eda que les garantiza la Constituci\u00f3n Pol\u00edtica del Per\u00fa.<\/span><\/p>\n<p><span style=\"color: #000000;\">Los hermanos Ch\u00e1vez Sotelo se encuentran en detenci\u00f3n preliminar desde el 21 de marzo como parte de las investigaciones que se le sigue a la red criminal Los Chavelos, de la cual ser\u00edan los cabecillas y que est\u00e1 dedicada al delito de extorsi\u00f3n.<\/span><\/p>\n<p><span style=\"color: #000000;\">Los hermanos Jorge Mart\u00edn y Frank An\u00edbal Ch\u00e1vez Sotelo salieron del anonimato la noche del jueves 21 de marzo cuando fueron detenidos por la polic\u00eda junto al presidente de la comunidad de Fuerabamba, Gregorio Rojas Paniura.<\/span><\/p>\n<p><span style=\"color: #000000;\">Hasta ese momento no se sab\u00eda mucho de ellos, pero unos audios difundidos por la prensa revelaron que estar\u00edan cumpliendo el papel de azuzadores del conflicto social en torno a mina Las Bambas con el prop\u00f3sito de cobrar una suma millonaria a la empresa.<\/span><\/p>\n<p><span style=\"color: #000000;\">Los hermanos Ch\u00e1vez Sotelo son abogados de profesi\u00f3n y con colegiatura habilitada en el Colegio de Abogados de Apur\u00edmac. Su \u00faltima cuota a esta instituci\u00f3n fue cancelada el 25 de marzo, es decir cuando ya se encontraban bajo arresto.<\/span><\/p>\n<p><span style=\"color: #000000;\">Su trabajo consist\u00eda en prestar servicios de asesor\u00eda legal en la zona de influencia del proyecto Las Bambas, en Apur\u00edmac, en donde aprovechaban una coyuntura de latente enfrentamiento social.<\/span><\/p>\n","protected":false},"excerpt":{"rendered":"<p>El fiscal coordinador de las Fiscal\u00edas contra el Crimen Organizado, Jorge Ch\u00e1vez Cotrina inform\u00f3 que el Ministerio P\u00fablico investiga a los hermanos Ch\u00e1vez Sotelo y no a los comuneros de Las Bambas. Lima, 28 de Marzo 2019, (ANDINA).- El fiscal coordinador de las Fiscal\u00edas contra el Crimen Organizado, Jorge Ch\u00e1vez Cotrina inform\u00f3 que el Ministerio [&hellip;]<\/p>\n","protected":false},"author":1,"featured_media":44628,"comment_status":"open","ping_status":"open","sticky":false,"template":"","format":"standard","meta":{"rop_custom_images_group":[],"rop_custom_messages_group":[],"rop_publish_now":"initial","rop_publish_now_accounts":[],"rop_publish_now_history":[],"rop_publish_now_status":"pending","footnotes":""},"categories":[5],"tags":[430,4233,4287,163],"class_list":["post-46452","post","type-post","status-publish","format-standard","has-post-thumbnail","hentry","category-actualidad-informativa","tag-fiscalia","tag-jorge-chavez-cotrina","tag-las-bambas","tag-poder-judicial"],"_links":{"self":[{"href":"https:\/\/elinformanteperu.com\/index.php\/wp-json\/wp\/v2\/posts\/46452","targetHints":{"allow":["GET"]}}],"collection":[{"href":"https:\/\/elinformanteperu.com\/index.php\/wp-json\/wp\/v2\/posts"}],"about":[{"href":"https:\/\/elinformanteperu.com\/index.php\/wp-json\/wp\/v2\/types\/post"}],"author":[{"embeddable":true,"href":"https:\/\/elinformanteperu.com\/index.php\/wp-json\/wp\/v2\/users\/1"}],"replies":[{"embeddable":true,"href":"https:\/\/elinformanteperu.com\/index.php\/wp-json\/wp\/v2\/comments?post=46452"}],"version-history":[{"count":1,"href":"https:\/\/elinformanteperu.com\/index.php\/wp-json\/wp\/v2\/posts\/46452\/revisions"}],"predecessor-version":[{"id":46454,"href":"https:\/\/elinformanteperu.com\/index.php\/wp-json\/wp\/v2\/posts\/46452\/revisions\/46454"}],"wp:featuredmedia":[{"embeddable":true,"href":"https:\/\/elinformanteperu.com\/index.php\/wp-json\/wp\/v2\/media\/44628"}],"wp:attachment":[{"href":"https:\/\/elinformanteperu.com\/index.php\/wp-json\/wp\/v2\/media?parent=46452"}],"wp:term":[{"taxonomy":"category","embeddable":true,"href":"https:\/\/elinformanteperu.com\/index.php\/wp-json\/wp\/v2\/categories?post=46452"},{"taxonomy":"post_tag","embeddable":true,"href":"https:\/\/elinformanteperu.com\/index.php\/wp-json\/wp\/v2\/tags?post=46452"}],"curies":[{"name":"wp","href":"https:\/\/api.w.org\/{rel}","templated":true}]}}