{"id":46448,"date":"2019-03-29T07:44:19","date_gmt":"2019-03-29T12:44:19","guid":{"rendered":"http:\/\/elinformanteperu.com\/?p=46448"},"modified":"2019-03-29T07:44:19","modified_gmt":"2019-03-29T12:44:19","slug":"salvador-del-solar-se-reunira-este-lunes-con-bancada-de-fuerza-popular","status":"publish","type":"post","link":"https:\/\/elinformanteperu.com\/index.php\/2019\/03\/29\/salvador-del-solar-se-reunira-este-lunes-con-bancada-de-fuerza-popular\/","title":{"rendered":"Salvador del Solar se reunir\u00e1 este lunes con bancada de Fuerza Popular"},"content":{"rendered":"<p><strong><span style=\"color: #000000;\">El presidente del Consejo de Ministros, Salvador del Solar recibir\u00e1 este lunes a las 4.00 pm a los congresistas de la bancada de Fuerza Popular (FP).<\/span><\/strong><\/p>\n<p><span style=\"color: #000000;\"><strong>Lima, 28 de Marzo 2019, (ANDINA).-<\/strong> El presidente del Consejo de Ministros, Salvador del Solar recibir\u00e1 este lunes a las 4.00 pm a los congresistas de la bancada de Fuerza Popular (FP) en la sede de la Presidencia del Consejo de Ministros (PCM).<\/span><\/p>\n<p><span style=\"color: #000000;\">La cita se realizar\u00e1 como parte de las reuniones que el jefe del gabinete ministerial sostendr\u00e1 con las distintas bancadas del Congreso previo a su presentaci\u00f3n ante el Pleno del Congreso para solicitar el voto de confianza.<\/span><\/p>\n<p><span style=\"color: #000000;\">El vocero de Fuerza Popular, Carlos Tubino confirm\u00f3 el encuentro y se\u00f1al\u00f3 que agrupaci\u00f3n espera una actitud positiva del ministro y gobierno para dar paso una nueva etapa que deje de lado la confrontaci\u00f3n.<\/span><\/p>\n<p><span style=\"color: #000000;\">\u00abCreemos conveniente que haya una actitud positiva en el Pleno del Congreso, y nosotros actuar de la misma manera, dejando de lado la confrontaci\u00f3n\u00bb, dijo Tubino al diario La Rep\u00fablica.<\/span><\/p>\n<p><span style=\"color: #000000;\">El parlamentario se\u00f1al\u00f3 que esperan conocer las medidas concretas que propondr\u00e1 del Solar al Congreso en tema como la lucha contra la corrupci\u00f3n, la reactivaci\u00f3n de la econom\u00eda, el caso de Las Bambas, salud y educaci\u00f3n.<\/span><\/p>\n<p><span style=\"color: #000000;\">Agreg\u00f3 que tambi\u00e9n ser\u00e1 importante saber sus planteamientos sobre seguridad ciudadana y lucha contra el narcotr\u00e1fico.<\/span><\/p>\n<p><span style=\"color: #000000;\">Tubino subray\u00f3 que su agrupaci\u00f3n tiene una actitud positiva con el ministro, pero que esperar\u00e1n escuchar su exposici\u00f3n para decidir si le otorgan o no el voto de confianza.<\/span><\/p>\n<p><span style=\"color: #000000;\">El presidente del Consejo de Ministros expondr\u00e1 la pol\u00edtica general de gobierno y los lineamientos de su gesti\u00f3n el pr\u00f3ximo jueves 4 de abril en cumplimiento del mandato constitucional.<\/span><\/p>\n","protected":false},"excerpt":{"rendered":"<p>El presidente del Consejo de Ministros, Salvador del Solar recibir\u00e1 este lunes a las 4.00 pm a los congresistas de la bancada de Fuerza Popular (FP). Lima, 28 de Marzo 2019, (ANDINA).- El presidente del Consejo de Ministros, Salvador del Solar recibir\u00e1 este lunes a las 4.00 pm a los congresistas de la bancada de [&hellip;]<\/p>\n","protected":false},"author":1,"featured_media":46450,"comment_status":"open","ping_status":"open","sticky":false,"template":"","format":"standard","meta":{"rop_custom_images_group":[],"rop_custom_messages_group":[],"rop_publish_now":"initial","rop_publish_now_accounts":[],"rop_publish_now_history":[],"rop_publish_now_status":"pending","footnotes":""},"categories":[5],"tags":[192,189,1421,473],"class_list":["post-46448","post","type-post","status-publish","format-standard","has-post-thumbnail","hentry","category-actualidad-informativa","tag-congreso","tag-pcm","tag-poder-ejecutivo","tag-salvador-del-solar"],"_links":{"self":[{"href":"https:\/\/elinformanteperu.com\/index.php\/wp-json\/wp\/v2\/posts\/46448","targetHints":{"allow":["GET"]}}],"collection":[{"href":"https:\/\/elinformanteperu.com\/index.php\/wp-json\/wp\/v2\/posts"}],"about":[{"href":"https:\/\/elinformanteperu.com\/index.php\/wp-json\/wp\/v2\/types\/post"}],"author":[{"embeddable":true,"href":"https:\/\/elinformanteperu.com\/index.php\/wp-json\/wp\/v2\/users\/1"}],"replies":[{"embeddable":true,"href":"https:\/\/elinformanteperu.com\/index.php\/wp-json\/wp\/v2\/comments?post=46448"}],"version-history":[{"count":1,"href":"https:\/\/elinformanteperu.com\/index.php\/wp-json\/wp\/v2\/posts\/46448\/revisions"}],"predecessor-version":[{"id":46451,"href":"https:\/\/elinformanteperu.com\/index.php\/wp-json\/wp\/v2\/posts\/46448\/revisions\/46451"}],"wp:featuredmedia":[{"embeddable":true,"href":"https:\/\/elinformanteperu.com\/index.php\/wp-json\/wp\/v2\/media\/46450"}],"wp:attachment":[{"href":"https:\/\/elinformanteperu.com\/index.php\/wp-json\/wp\/v2\/media?parent=46448"}],"wp:term":[{"taxonomy":"category","embeddable":true,"href":"https:\/\/elinformanteperu.com\/index.php\/wp-json\/wp\/v2\/categories?post=46448"},{"taxonomy":"post_tag","embeddable":true,"href":"https:\/\/elinformanteperu.com\/index.php\/wp-json\/wp\/v2\/tags?post=46448"}],"curies":[{"name":"wp","href":"https:\/\/api.w.org\/{rel}","templated":true}]}}