{"id":46444,"date":"2019-03-29T07:40:24","date_gmt":"2019-03-29T12:40:24","guid":{"rendered":"http:\/\/elinformanteperu.com\/?p=46444"},"modified":"2019-03-29T07:40:24","modified_gmt":"2019-03-29T12:40:24","slug":"pleno-debatira-y-votara-suspension-de-lescano-el-proximo-miercoles","status":"publish","type":"post","link":"https:\/\/elinformanteperu.com\/index.php\/2019\/03\/29\/pleno-debatira-y-votara-suspension-de-lescano-el-proximo-miercoles\/","title":{"rendered":"Pleno debatir\u00e1 y votar\u00e1 suspensi\u00f3n de Lescano el pr\u00f3ximo mi\u00e9rcoles"},"content":{"rendered":"<p><strong><span style=\"color: #000000;\">El pleno de Congreso sesionar\u00e1 el pr\u00f3ximo mi\u00e9rcoles 3 de abril para debatir y votar el informe de la Comisi\u00f3n de \u00c9tica que declara fundada la denuncia contra el legislador Yonhy Lescano.<\/span><\/strong><\/p>\n<p><span style=\"color: #000000;\"><strong>Lima, 28 de Marzo 2019, (ANDINA).-<\/strong> El pleno de Congreso sesionar\u00e1 el pr\u00f3ximo mi\u00e9rcoles 3 de abril para debatir y votar el informe de la Comisi\u00f3n de \u00c9tica que declara fundada la denuncia por acoso sexual contra el legislador Yonhy Lescano (Acci\u00f3n Popular) y recomienda suspenderlo por 120 d\u00edas sin goce de haber.<\/span><\/p>\n<p><span style=\"color: #000000;\">El Oficial Mayor del Congreso, Gianmarco Paz Mendoza, remiti\u00f3 un oficio a Lescano Ancieta para informarle de la sesi\u00f3n plenaria para ver su caso, la cual ha sido programada para las 11:00 horas.<\/span><\/p>\n<p><span style=\"color: #000000;\">En referido documento, se le consult\u00f3 a Lescano si para presentar sus descargos ante el pleno requerir\u00e1 ser asistido por un abogado a fin de tomar previsiones administrativas y log\u00edsticas.<\/span><\/p>\n<p><span style=\"color: #000000;\">Lescano Ancieta fue acusado por una periodista de acosarla sexualmente mediante mensajes textos enviados por WhatApps.<\/span><\/p>\n<p><span style=\"color: #000000;\">El Ministerio P\u00fablico tambi\u00e9n abri\u00f3 una investigaci\u00f3n preliminar contra el legislador acciopopulista por presunto acoso sexual contra la mujer.<\/span><\/p>\n","protected":false},"excerpt":{"rendered":"<p>El pleno de Congreso sesionar\u00e1 el pr\u00f3ximo mi\u00e9rcoles 3 de abril para debatir y votar el informe de la Comisi\u00f3n de \u00c9tica que declara fundada la denuncia contra el legislador Yonhy Lescano. Lima, 28 de Marzo 2019, (ANDINA).- El pleno de Congreso sesionar\u00e1 el pr\u00f3ximo mi\u00e9rcoles 3 de abril para debatir y votar el informe [&hellip;]<\/p>\n","protected":false},"author":1,"featured_media":46446,"comment_status":"open","ping_status":"open","sticky":false,"template":"","format":"standard","meta":{"rop_custom_images_group":[],"rop_custom_messages_group":[],"rop_publish_now":"initial","rop_publish_now_accounts":[],"rop_publish_now_history":[],"rop_publish_now_status":"pending","footnotes":""},"categories":[5],"tags":[4255,192,475],"class_list":["post-46444","post","type-post","status-publish","format-standard","has-post-thumbnail","hentry","category-actualidad-informativa","tag-acoso-sexual","tag-congreso","tag-yonhy-lescano"],"_links":{"self":[{"href":"https:\/\/elinformanteperu.com\/index.php\/wp-json\/wp\/v2\/posts\/46444","targetHints":{"allow":["GET"]}}],"collection":[{"href":"https:\/\/elinformanteperu.com\/index.php\/wp-json\/wp\/v2\/posts"}],"about":[{"href":"https:\/\/elinformanteperu.com\/index.php\/wp-json\/wp\/v2\/types\/post"}],"author":[{"embeddable":true,"href":"https:\/\/elinformanteperu.com\/index.php\/wp-json\/wp\/v2\/users\/1"}],"replies":[{"embeddable":true,"href":"https:\/\/elinformanteperu.com\/index.php\/wp-json\/wp\/v2\/comments?post=46444"}],"version-history":[{"count":1,"href":"https:\/\/elinformanteperu.com\/index.php\/wp-json\/wp\/v2\/posts\/46444\/revisions"}],"predecessor-version":[{"id":46447,"href":"https:\/\/elinformanteperu.com\/index.php\/wp-json\/wp\/v2\/posts\/46444\/revisions\/46447"}],"wp:featuredmedia":[{"embeddable":true,"href":"https:\/\/elinformanteperu.com\/index.php\/wp-json\/wp\/v2\/media\/46446"}],"wp:attachment":[{"href":"https:\/\/elinformanteperu.com\/index.php\/wp-json\/wp\/v2\/media?parent=46444"}],"wp:term":[{"taxonomy":"category","embeddable":true,"href":"https:\/\/elinformanteperu.com\/index.php\/wp-json\/wp\/v2\/categories?post=46444"},{"taxonomy":"post_tag","embeddable":true,"href":"https:\/\/elinformanteperu.com\/index.php\/wp-json\/wp\/v2\/tags?post=46444"}],"curies":[{"name":"wp","href":"https:\/\/api.w.org\/{rel}","templated":true}]}}