{"id":46440,"date":"2019-03-29T07:38:22","date_gmt":"2019-03-29T12:38:22","guid":{"rendered":"http:\/\/elinformanteperu.com\/?p=46440"},"modified":"2019-03-29T07:38:22","modified_gmt":"2019-03-29T12:38:22","slug":"las-bambas-ejecutivo-y-autoridades-de-chumbivilcas-se-reuniran-el-9-de-abril","status":"publish","type":"post","link":"https:\/\/elinformanteperu.com\/index.php\/2019\/03\/29\/las-bambas-ejecutivo-y-autoridades-de-chumbivilcas-se-reuniran-el-9-de-abril\/","title":{"rendered":"Las Bambas: Ejecutivo y autoridades de Chumbivilcas se reunir\u00e1n el 9 de abril"},"content":{"rendered":"<p><strong><span style=\"color: #000000;\">El Poder Ejecutivo sostendr\u00e1 una reuni\u00f3n este 9 de abril en Lima con autoridades de Chumbivilcas, regi\u00f3n Cusco, para buscar una soluci\u00f3n al conflicto en torno al proyecto Las Bambas.<\/span><\/strong><\/p>\n<p><span style=\"color: #000000;\"><strong>Cusco, 28 de Marzo 2019, (ANDINA).-<\/strong> El Poder Ejecutivo sostendr\u00e1 una reuni\u00f3n este 9 de abril en Lima con autoridades de Chumbivilcas, regi\u00f3n Cusco, para dialogar y buscar una soluci\u00f3n al conflicto en torno al proyecto Las Bambas.<\/span><\/p>\n<p><span style=\"color: #000000;\">La ministra de Desarrollo e Inclusi\u00f3n Social, Paola Bustamante, fue la encargada de formular la propuesta en la reuni\u00f3n que, junto con los titulares de Transportes, Edmer Trujillo; y de Salud, Zulema Tomas; sostiene con representantes de las comunidades en Santo Tom\u00e1s, provincia de Chumbivilcas, regi\u00f3n Cusco.<\/span><\/p>\n<p><span style=\"color: #000000;\">Seg\u00fan inform\u00f3 la Presidencia del Consejo de Ministros (PCM) en esta reuni\u00f3n se logr\u00f3 establecer una agenda de trabajo con las autoridades locales y regionales de Cusco.<\/span><\/p>\n<p><span style=\"color: #000000;\">Por ejemplo, en la reuni\u00f3n de este 9 de abril en Lima, dijo la PCM, se buscar\u00e1 resolver los pedidos dados por los dirigentes locales y las autoridades, que incluyen proyectos para promover el desarrollo de la provincia de Chumbivilcas, por la que cruza el Corredor Vial Apur\u00edmac, Cusco, Arequipa.<\/span><\/p>\n<p><span style=\"color: #000000;\">La ministra de Salud, Zulema Tom\u00e1s, reconoci\u00f3 los pasivos que heredaron tanto el gobierno como las autoridades locales en materia de salud, por lo que plante\u00f3 establecer las prioridades para ser tomados en cuenta en los planes de ejecuci\u00f3n presupuestal en los pr\u00f3ximos cuatro a\u00f1os.<\/span><\/p>\n<p><span style=\"color: #000000;\">\u201cQuiero hacerles recordar que este Gobierno tiene en agenda a todos los sectores, pero tiene el especial encargo del presidente Mart\u00edn Vizcarra de darle prioridad a la salud y a la educaci\u00f3n\u201d, expres\u00f3 la ministra.<\/span><\/p>\n<p><span style=\"color: #000000;\">En otro momento de la reuni\u00f3n, el ministro de Transportes y Comunicaciones, Edmer Trujillo, asegur\u00f3 que su cartera reitera su compromiso de pagar las afectaciones prediales en los 12 km del fundo Yavi Yavi por donde cruza la v\u00eda nacional Cusco\u2013Apur\u00edmac.<\/span><\/p>\n<p><span style=\"color: #000000;\">Por su parte, la ministra de Desarrollo e Inclusi\u00f3n Social, Paola Bustamante, asegur\u00f3 que Chumbivilcas expres\u00f3 su disposici\u00f3n a dialogar con la comisi\u00f3n del Ejecutivo y atendiendo a ese llamado acudieron a la zona.<\/span><\/p>\n<p><span style=\"color: #000000;\">\u201cAs\u00ed como ahora estamos en Cusco queremos reiterar nuestra disposici\u00f3n por encontrar una soluci\u00f3n al conflicto social a trav\u00e9s del di\u00e1logo. Seguimos buscando una reuni\u00f3n con los dirigentes de las dem\u00e1s comunidades\u201d, enfatiz\u00f3 Bustamante.<\/span><\/p>\n<p><span style=\"color: #000000;\">En esta reuni\u00f3n tambi\u00e9n participaron el viceministro de Gobernanza Territorial, Ra\u00fal Molina, el gobernador regional de Cusco, Jean Paul Benavente, el alcalde provincial de Chumbivilcas, Marco Ibarra Su\u00e1rez, as\u00ed como los alcaldes distritales de dicha provincia y los dirigentes de las comunidades aleda\u00f1as al corredor vial.<\/span><\/p>\n","protected":false},"excerpt":{"rendered":"<p>El Poder Ejecutivo sostendr\u00e1 una reuni\u00f3n este 9 de abril en Lima con autoridades de Chumbivilcas, regi\u00f3n Cusco, para buscar una soluci\u00f3n al conflicto en torno al proyecto Las Bambas. Cusco, 28 de Marzo 2019, (ANDINA).- El Poder Ejecutivo sostendr\u00e1 una reuni\u00f3n este 9 de abril en Lima con autoridades de Chumbivilcas, regi\u00f3n Cusco, para [&hellip;]<\/p>\n","protected":false},"author":1,"featured_media":46442,"comment_status":"open","ping_status":"open","sticky":false,"template":"","format":"standard","meta":{"rop_custom_images_group":[],"rop_custom_messages_group":[],"rop_publish_now":"initial","rop_publish_now_accounts":[],"rop_publish_now_history":[],"rop_publish_now_status":"pending","footnotes":""},"categories":[5],"tags":[4287,153,189,1421],"class_list":["post-46440","post","type-post","status-publish","format-standard","has-post-thumbnail","hentry","category-actualidad-informativa","tag-las-bambas","tag-midis","tag-pcm","tag-poder-ejecutivo"],"_links":{"self":[{"href":"https:\/\/elinformanteperu.com\/index.php\/wp-json\/wp\/v2\/posts\/46440","targetHints":{"allow":["GET"]}}],"collection":[{"href":"https:\/\/elinformanteperu.com\/index.php\/wp-json\/wp\/v2\/posts"}],"about":[{"href":"https:\/\/elinformanteperu.com\/index.php\/wp-json\/wp\/v2\/types\/post"}],"author":[{"embeddable":true,"href":"https:\/\/elinformanteperu.com\/index.php\/wp-json\/wp\/v2\/users\/1"}],"replies":[{"embeddable":true,"href":"https:\/\/elinformanteperu.com\/index.php\/wp-json\/wp\/v2\/comments?post=46440"}],"version-history":[{"count":1,"href":"https:\/\/elinformanteperu.com\/index.php\/wp-json\/wp\/v2\/posts\/46440\/revisions"}],"predecessor-version":[{"id":46443,"href":"https:\/\/elinformanteperu.com\/index.php\/wp-json\/wp\/v2\/posts\/46440\/revisions\/46443"}],"wp:featuredmedia":[{"embeddable":true,"href":"https:\/\/elinformanteperu.com\/index.php\/wp-json\/wp\/v2\/media\/46442"}],"wp:attachment":[{"href":"https:\/\/elinformanteperu.com\/index.php\/wp-json\/wp\/v2\/media?parent=46440"}],"wp:term":[{"taxonomy":"category","embeddable":true,"href":"https:\/\/elinformanteperu.com\/index.php\/wp-json\/wp\/v2\/categories?post=46440"},{"taxonomy":"post_tag","embeddable":true,"href":"https:\/\/elinformanteperu.com\/index.php\/wp-json\/wp\/v2\/tags?post=46440"}],"curies":[{"name":"wp","href":"https:\/\/api.w.org\/{rel}","templated":true}]}}