{"id":46436,"date":"2019-03-29T07:33:17","date_gmt":"2019-03-29T12:33:17","guid":{"rendered":"http:\/\/elinformanteperu.com\/?p=46436"},"modified":"2019-03-29T07:33:17","modified_gmt":"2019-03-29T12:33:17","slug":"salvador-del-solar-se-reunio-con-bancada-ppk-en-palacio-de-gobierno","status":"publish","type":"post","link":"https:\/\/elinformanteperu.com\/index.php\/2019\/03\/29\/salvador-del-solar-se-reunio-con-bancada-ppk-en-palacio-de-gobierno\/","title":{"rendered":"Salvador del Solar se reuni\u00f3 con bancada PPK en Palacio de Gobierno"},"content":{"rendered":"<p><strong><span style=\"color: #000000;\">El jefe del Gabinete Ministerial, Salvador del Solar, se reuni\u00f3 con los integrantes de la bancada de Peruanos por el Kambio (PPK), dando inicio a una ronda de di\u00e1logo.<\/span><\/strong><\/p>\n<p><span style=\"color: #000000;\"><strong>Lima, 28 de Marzo 2019, (ANDINA).-<\/strong> El jefe del Gabinete Ministerial, Salvador del Solar, se reuni\u00f3 con los integrantes de la bancada de Peruanos por el Kambio (PPK), dando inicio a una ronda de di\u00e1logo con los grupos parlamentarios, a una semana de presentarse ante el Congreso para solicitar el voto de confianza.<\/span><\/p>\n<p><span style=\"color: #000000;\">Tambi\u00e9n particip\u00f3 en el encuentro el presidente Mart\u00edn Vizcarra.<\/span><\/p>\n<p><span style=\"color: #000000;\">Seg\u00fan coment\u00f3 el vocero de PPK, Jorge Mel\u00e9ndez, la situaci\u00f3n de tensi\u00f3n en Las Bambas acapar\u00f3 la agenda de la reuni\u00f3n. Agreg\u00f3 que cada parlamentario \u201cdio diferentes miradas en busca de una soluci\u00f3n integral al problema\u201d.<\/span><\/p>\n<p><span style=\"color: #000000;\">Sobre la ronda de reuniones con el resto de bancadas, Mel\u00e9ndez coment\u00f3 que \u201cse convers\u00f3\u201d de la iniciativa y \u201cnos parece interesante porque el di\u00e1logo pol\u00edtico es importante para construir consensos\u201d.<\/span><\/p>\n<p><span style=\"color: #000000;\">Por su parte, la vocera alterna de PpK, Ana Mar\u00eda Choquehuanca, dijo que la reuni\u00f3n sirvi\u00f3 para tratar temas de coyuntura, la agenda interna de la bancada y el voto de confianza.<\/span><\/p>\n<p><span style=\"color: #000000;\">El 4 de abril, Salvador del Solar acudir\u00e1 con todo su gabinete al Congreso para solicitar el voto de investidura, tal y como lo manda la Constituci\u00f3n.<\/span><\/p>\n<p><span style=\"color: #000000;\">En ese caso, la congresista Choquehuanca sostuvo que durante la reuni\u00f3n hubo optimismo en que se le otorgar\u00e1 la confianza al Consejo de Ministros.<\/span><\/p>\n","protected":false},"excerpt":{"rendered":"<p>El jefe del Gabinete Ministerial, Salvador del Solar, se reuni\u00f3 con los integrantes de la bancada de Peruanos por el Kambio (PPK), dando inicio a una ronda de di\u00e1logo. Lima, 28 de Marzo 2019, (ANDINA).- El jefe del Gabinete Ministerial, Salvador del Solar, se reuni\u00f3 con los integrantes de la bancada de Peruanos por el [&hellip;]<\/p>\n","protected":false},"author":1,"featured_media":46438,"comment_status":"open","ping_status":"open","sticky":false,"template":"","format":"standard","meta":{"rop_custom_images_group":[],"rop_custom_messages_group":[],"rop_publish_now":"initial","rop_publish_now_accounts":[],"rop_publish_now_history":[],"rop_publish_now_status":"pending","footnotes":""},"categories":[5],"tags":[289,165,1421,73,473],"class_list":["post-46436","post","type-post","status-publish","format-standard","has-post-thumbnail","hentry","category-actualidad-informativa","tag-martin-vizcarra","tag-peruanos-por-el-kambio","tag-poder-ejecutivo","tag-ppk","tag-salvador-del-solar"],"_links":{"self":[{"href":"https:\/\/elinformanteperu.com\/index.php\/wp-json\/wp\/v2\/posts\/46436","targetHints":{"allow":["GET"]}}],"collection":[{"href":"https:\/\/elinformanteperu.com\/index.php\/wp-json\/wp\/v2\/posts"}],"about":[{"href":"https:\/\/elinformanteperu.com\/index.php\/wp-json\/wp\/v2\/types\/post"}],"author":[{"embeddable":true,"href":"https:\/\/elinformanteperu.com\/index.php\/wp-json\/wp\/v2\/users\/1"}],"replies":[{"embeddable":true,"href":"https:\/\/elinformanteperu.com\/index.php\/wp-json\/wp\/v2\/comments?post=46436"}],"version-history":[{"count":1,"href":"https:\/\/elinformanteperu.com\/index.php\/wp-json\/wp\/v2\/posts\/46436\/revisions"}],"predecessor-version":[{"id":46439,"href":"https:\/\/elinformanteperu.com\/index.php\/wp-json\/wp\/v2\/posts\/46436\/revisions\/46439"}],"wp:featuredmedia":[{"embeddable":true,"href":"https:\/\/elinformanteperu.com\/index.php\/wp-json\/wp\/v2\/media\/46438"}],"wp:attachment":[{"href":"https:\/\/elinformanteperu.com\/index.php\/wp-json\/wp\/v2\/media?parent=46436"}],"wp:term":[{"taxonomy":"category","embeddable":true,"href":"https:\/\/elinformanteperu.com\/index.php\/wp-json\/wp\/v2\/categories?post=46436"},{"taxonomy":"post_tag","embeddable":true,"href":"https:\/\/elinformanteperu.com\/index.php\/wp-json\/wp\/v2\/tags?post=46436"}],"curies":[{"name":"wp","href":"https:\/\/api.w.org\/{rel}","templated":true}]}}