{"id":46432,"date":"2019-03-29T07:28:45","date_gmt":"2019-03-29T12:28:45","guid":{"rendered":"http:\/\/elinformanteperu.com\/?p=46432"},"modified":"2019-03-29T07:28:45","modified_gmt":"2019-03-29T12:28:45","slug":"mef-gobierno-tiene-la-mejor-predisposicion-para-solucion-en-las-bambas","status":"publish","type":"post","link":"https:\/\/elinformanteperu.com\/index.php\/2019\/03\/29\/mef-gobierno-tiene-la-mejor-predisposicion-para-solucion-en-las-bambas\/","title":{"rendered":"MEF: Gobierno tiene la mejor predisposici\u00f3n para soluci\u00f3n en Las Bambas"},"content":{"rendered":"<p><strong><span style=\"color: #000000;\">El ministro de Econom\u00eda y Finanzas, Carlos Oliva, se\u00f1al\u00f3 que el Gobierno tiene la mejor predisposici\u00f3n para solucionar el conflicto en Las Bambas.<\/span><\/strong><\/p>\n<p><span style=\"color: #000000;\"><strong>Lima, 28 de Marzo 2019, (ANDINA).-<\/strong> El ministro de Econom\u00eda y Finanzas, Carlos Oliva, se\u00f1al\u00f3 que el Gobierno tiene la mejor predisposici\u00f3n para solucionar el conflicto en Las Bambas.<\/span><\/p>\n<p><span style=\"color: #000000;\">La carretera que permite la salida de la producci\u00f3n de cobre de Las Bambas hacia la costa para su exportaci\u00f3n permanece bloqueada 53 d\u00edas por parte de las comunidades aleda\u00f1as, que tienen una agenda de reclamos contra la minera MMG que opera la mina.<\/span><\/p>\n<p><span style=\"color: #000000;\">\u201cEste es un tema bastante complejo, hay una delegaci\u00f3n de ministros en la zona tratando de establecer un di\u00e1logo que pueda solucionar este problema. Sabemos que es un problema latente y estamos con la mejor predisposici\u00f3n para solucionarlo\u201d, declar\u00f3 a la Agencia Andina.<\/span><\/p>\n<p><span style=\"color: #000000;\">Refiri\u00f3 que la mina de Las Bambas es la tercera m\u00e1s grande del pa\u00eds y puede ser incluso la segunda este a\u00f1o si se soluciona este tema.<\/span><\/p>\n<p><strong><span style=\"color: #000000;\">Un punto del PBI<\/span><\/strong><\/p>\n<p><span style=\"color: #000000;\">\u201cM\u00e1s del 15% de la producci\u00f3n de cobre depende de esta mina, que representa alrededor de un punto del PBI, entonces estamos hablando de una inversi\u00f3n de un impulso importante\u201d, subray\u00f3.<\/span><\/p>\n<p><span style=\"color: #000000;\">Por ello, se\u00f1al\u00f3 que el MEF est\u00e1 a la expectativa de lo que pueda pasar en la soluci\u00f3n del conflicto en Las Bambas, para no afectar el PBI.<\/span><\/p>\n<p><span style=\"color: #000000;\">\u201cHasta el momento la mina ha seguido produciendo, pero ya en los pr\u00f3ximos d\u00edas puede haber una eventual reducci\u00f3n si no solucionamos esto\u201d, agreg\u00f3.<\/span><\/p>\n<p><strong><span style=\"color: #000000;\">Reuni\u00f3n el 9 de abril<\/span><\/strong><\/p>\n<p><span style=\"color: #000000;\">El Poder Ejecutivo propuso hoy sostener una reuni\u00f3n este 9 de abril en Lima con autoridades de Chumbivilcas para dialogar y buscar una soluci\u00f3n al conflicto en torno al proyecto Las Bambas<\/span><\/p>\n<p><span style=\"color: #000000;\">La ministra de Desarrollo e Inclusi\u00f3n Social, Paola Bustamante, fue la encargada de formular la propuesta en la reuni\u00f3n que, junto con los titulares de Transportes, Edmer Trujillo; y de Salud, Zulema Tomas; sostiene con representantes de las comunidades en Santo Tom\u00e1s, provincia de Chumbivilcas, regi\u00f3n Cusco.<\/span><\/p>\n<p><span style=\"color: #000000;\">Las Bambas es el tercer mayor productor de cobre en el Per\u00fa y est\u00e1 entre los 10 m\u00e1s importantes de todo el mundo.<\/span><\/p>\n<p><span style=\"color: #000000;\">El consorcio que opera Las Bambas est\u00e1 estructurado por dos empresas chinas GXIIC (22.5% de participaci\u00f3n) y Citic Metal (15%), as\u00ed como la australiana MMG (62.5%).<\/span><\/p>\n","protected":false},"excerpt":{"rendered":"<p>El ministro de Econom\u00eda y Finanzas, Carlos Oliva, se\u00f1al\u00f3 que el Gobierno tiene la mejor predisposici\u00f3n para solucionar el conflicto en Las Bambas. Lima, 28 de Marzo 2019, (ANDINA).- El ministro de Econom\u00eda y Finanzas, Carlos Oliva, se\u00f1al\u00f3 que el Gobierno tiene la mejor predisposici\u00f3n para solucionar el conflicto en Las Bambas. La carretera que [&hellip;]<\/p>\n","protected":false},"author":1,"featured_media":46434,"comment_status":"open","ping_status":"open","sticky":false,"template":"","format":"standard","meta":{"rop_custom_images_group":[],"rop_custom_messages_group":[],"rop_publish_now":"initial","rop_publish_now_accounts":[],"rop_publish_now_history":[],"rop_publish_now_status":"pending","footnotes":""},"categories":[5],"tags":[3210,4287,315,314,1421],"class_list":["post-46432","post","type-post","status-publish","format-standard","has-post-thumbnail","hentry","category-actualidad-informativa","tag-carlos-oliva","tag-las-bambas","tag-mef","tag-ministerio-de-economia-y-finanzas","tag-poder-ejecutivo"],"_links":{"self":[{"href":"https:\/\/elinformanteperu.com\/index.php\/wp-json\/wp\/v2\/posts\/46432","targetHints":{"allow":["GET"]}}],"collection":[{"href":"https:\/\/elinformanteperu.com\/index.php\/wp-json\/wp\/v2\/posts"}],"about":[{"href":"https:\/\/elinformanteperu.com\/index.php\/wp-json\/wp\/v2\/types\/post"}],"author":[{"embeddable":true,"href":"https:\/\/elinformanteperu.com\/index.php\/wp-json\/wp\/v2\/users\/1"}],"replies":[{"embeddable":true,"href":"https:\/\/elinformanteperu.com\/index.php\/wp-json\/wp\/v2\/comments?post=46432"}],"version-history":[{"count":1,"href":"https:\/\/elinformanteperu.com\/index.php\/wp-json\/wp\/v2\/posts\/46432\/revisions"}],"predecessor-version":[{"id":46435,"href":"https:\/\/elinformanteperu.com\/index.php\/wp-json\/wp\/v2\/posts\/46432\/revisions\/46435"}],"wp:featuredmedia":[{"embeddable":true,"href":"https:\/\/elinformanteperu.com\/index.php\/wp-json\/wp\/v2\/media\/46434"}],"wp:attachment":[{"href":"https:\/\/elinformanteperu.com\/index.php\/wp-json\/wp\/v2\/media?parent=46432"}],"wp:term":[{"taxonomy":"category","embeddable":true,"href":"https:\/\/elinformanteperu.com\/index.php\/wp-json\/wp\/v2\/categories?post=46432"},{"taxonomy":"post_tag","embeddable":true,"href":"https:\/\/elinformanteperu.com\/index.php\/wp-json\/wp\/v2\/tags?post=46432"}],"curies":[{"name":"wp","href":"https:\/\/api.w.org\/{rel}","templated":true}]}}