{"id":46428,"date":"2019-03-29T07:24:30","date_gmt":"2019-03-29T12:24:30","guid":{"rendered":"http:\/\/elinformanteperu.com\/?p=46428"},"modified":"2019-03-29T07:24:30","modified_gmt":"2019-03-29T12:24:30","slug":"jubilado-de-la-onp-conozca-si-su-juicio-califica-para-ser-allanado-y-pueda-cobrar","status":"publish","type":"post","link":"https:\/\/elinformanteperu.com\/index.php\/2019\/03\/29\/jubilado-de-la-onp-conozca-si-su-juicio-califica-para-ser-allanado-y-pueda-cobrar\/","title":{"rendered":"Jubilado de la ONP: Conozca si su juicio califica para ser allanado y pueda cobrar"},"content":{"rendered":"<p><strong><span style=\"color: #000000;\">Hace algunos d\u00edas el Pleno del Congreso, aprob\u00f3 el Proyecto de Ley que faculta a la ONP a conciliar, desistirse, transigir o allanarse, en los procesos judiciales.<\/span><\/strong><\/p>\n<p><span style=\"color: #000000;\"><strong>Lima, 28 de Marzo 2019, (ANDINA).-<\/strong> Hace algunos d\u00edas el Pleno del Congreso, aprob\u00f3 el Proyecto de Ley que faculta a la ONP a conciliar, desistirse, transigir o allanarse, en los procesos judiciales en materia previsional del r\u00e9gimen pensionario establecido por el Decreto Ley 19990.<\/span><\/p>\n<p><span style=\"color: #000000;\">Ello ha generado una alta expectativa entre los pensionistas que mantienen un juicio con el ente previsional. Sin embargo, no todos van a acceder al pago.<\/span><\/p>\n<p><span style=\"color: #000000;\">Para que el \u00f3rgano previsional decida allanarse tiene que estar dentro de un marco de criterios, los cuales informamos a continuaci\u00f3n:<\/span><\/p>\n<p><strong><span style=\"color: #000000;\">1. C\u00e1lculo de la remuneraci\u00f3n de referencia<\/span><\/strong><\/p>\n<p><span style=\"color: #000000;\">Para el c\u00e1lculo de la remuneraci\u00f3n de referencia se considera el promedio de las remuneraciones o ingresos asegurables mensuales efectivos percibidos en cada uno de los supuestos de los art\u00edculos 73 y 74 del Decreto Ley N\u00ba 19990, el art\u00edculo 2 del Decreto Ley N\u00b0 25967 y el art\u00edculo 2 del Decreto Supremo N\u00ba 099-2002-EF.<\/span><\/p>\n<p><span style=\"color: #000000;\">No debe considerar los periodos no laborados, los cuales deben sustituirse por los periodos inmediatamente anteriores en los que hubiera remuneraci\u00f3n o ingreso asegurable.<\/span><\/p>\n<p><strong><span style=\"color: #000000;\">2. Aportes facultativos abonados con posterioridad al cumplimiento de requisitos para la obtenci\u00f3n del derecho a una pensi\u00f3n<\/span><\/strong><\/p>\n<p><span style=\"color: #000000;\">Seg\u00fan explica el proyecto, en estos casos no se debe considerar dichos aportes facultativos en el c\u00e1lculo de la pensi\u00f3n de jubilaci\u00f3n, por haber sido efectuados despu\u00e9s de que el asegurado ya contaba con los requisitos para obtener el derecho a la pensi\u00f3n, salvo que al asegurado le resulte m\u00e1s beneficioso considerarlos.<\/span><\/p>\n<p><strong><span style=\"color: #000000;\">3. Aplicaci\u00f3n del art\u00edculo 6 de la Ley N\u00ba 25009, Ley de Jubilaci\u00f3n de Trabajadores Mineros<\/span><\/strong><\/p>\n<p><span style=\"color: #000000;\">Se otorga pensi\u00f3n de jubilaci\u00f3n, cuando el trabajador minero adolezca de enfermedad de silicosis o su equivalente, sin que sea necesario los a\u00f1os de aportes.<\/span><\/p>\n<p><strong><span style=\"color: #000000;\">4. Reconocimiento de aportes como empleados anteriores al mes de octubre de 1962<\/span><\/strong><\/p>\n<p><span style=\"color: #000000;\">Se reconoce como per\u00edodo de aportaci\u00f3n, los per\u00edodos de v\u00ednculo laboral en condici\u00f3n de empleados, anteriores a octubre de 1962.<\/span><\/p>\n<p><strong><span style=\"color: #000000;\">5. Pensiones devengadas<\/span><\/strong><\/p>\n<p><span style=\"color: #000000;\">Se otorga las pensiones devengadas conforme al art\u00edculo 81 del Decreto Ley N\u00ba 19990, considerando la fecha de la solicitud primigenia; siempre que, cumpla con los requisitos de ley.<\/span><\/p>\n<p><strong><span style=\"color: #000000;\">6. Bonificaci\u00f3n Complementaria del 20% del Fondo Especial de Jubilaci\u00f3n de Empleados Particulares &#8211; FEJEP<\/span><\/strong><\/p>\n<p><span style=\"color: #000000;\">Se otorga las bonificaciones del 20% por el FEJEP, solo considerando los 10 a\u00f1os de aportes a mayo de 1973 y no los 20 a\u00f1os de servicios a mayo de 1973.<\/span><\/p>\n<p><strong><span style=\"color: #000000;\">7. Acreditaci\u00f3n de aportes<\/span><\/strong><\/p>\n<p><span style=\"color: #000000;\">La ONP se allana en los casos cuya demanda tenga como controversia la acreditaci\u00f3n de aportes al Sistema Nacional de Pensiones, siempre en concordancia con lo establecido en la Ley N\u00ba 29711 y su Reglamento, aprobado mediante Decreto Supremo N\u00ba 092-2012-EF.<\/span><\/p>\n<p><span style=\"color: #000000;\">Adicionalmente, se establece la fecha del inicio de pensi\u00f3n y la fecha de presentaci\u00f3n de la solicitud de pensi\u00f3n para los asegurados desafiliados del Sistema Privado de Pensiones que optaron por regresar a la ONP, para el derecho al pago de la pensi\u00f3n, as\u00ed como para sus devengados.<\/span><\/p>\n<p><span style=\"color: #000000;\">Ello siguiendo los criterios establecidos en la Resoluci\u00f3n N\u00ba 540-2018-ONP\/TAP del Tribunal Administrativo Previsional.<\/span><\/p>\n<p><strong><span style=\"color: #000000;\">Un paso adelante<\/span><\/strong><\/p>\n<p><span style=\"color: #000000;\">Cabe indicar que la ONP viene efectuando la revisi\u00f3n de los expedientes que son materia de procesos judiciales pendientes a fin buscar una soluci\u00f3n conciliada con los demandantes.<\/span><\/p>\n<p><span style=\"color: #000000;\">Por su eventual costo social, se ha priorizado los expedientes referidos al reconocimiento del derecho a pensi\u00f3n. De esa manera, se busca reducir la dilaci\u00f3n en los tiempos y que los pensionistas tengan una pronta resoluci\u00f3n.<\/span><\/p>\n<p><span style=\"color: #000000;\">Asimismo, se realiza un seguimiento permanente de los procesos judiciales terminados para la gesti\u00f3n de archivamiento definitivo de \u00e9stos en el Poder Judicial.<\/span><\/p>\n","protected":false},"excerpt":{"rendered":"<p>Hace algunos d\u00edas el Pleno del Congreso, aprob\u00f3 el Proyecto de Ley que faculta a la ONP a conciliar, desistirse, transigir o allanarse, en los procesos judiciales. Lima, 28 de Marzo 2019, (ANDINA).- Hace algunos d\u00edas el Pleno del Congreso, aprob\u00f3 el Proyecto de Ley que faculta a la ONP a conciliar, desistirse, transigir o [&hellip;]<\/p>\n","protected":false},"author":1,"featured_media":46430,"comment_status":"open","ping_status":"open","sticky":false,"template":"","format":"standard","meta":{"rop_custom_images_group":[],"rop_custom_messages_group":[],"rop_publish_now":"initial","rop_publish_now_accounts":[],"rop_publish_now_history":[],"rop_publish_now_status":"pending","footnotes":""},"categories":[10,21],"tags":[2131],"class_list":["post-46428","post","type-post","status-publish","format-standard","has-post-thumbnail","hentry","category-actualidad-municipal","category-orientacion","tag-onp"],"_links":{"self":[{"href":"https:\/\/elinformanteperu.com\/index.php\/wp-json\/wp\/v2\/posts\/46428","targetHints":{"allow":["GET"]}}],"collection":[{"href":"https:\/\/elinformanteperu.com\/index.php\/wp-json\/wp\/v2\/posts"}],"about":[{"href":"https:\/\/elinformanteperu.com\/index.php\/wp-json\/wp\/v2\/types\/post"}],"author":[{"embeddable":true,"href":"https:\/\/elinformanteperu.com\/index.php\/wp-json\/wp\/v2\/users\/1"}],"replies":[{"embeddable":true,"href":"https:\/\/elinformanteperu.com\/index.php\/wp-json\/wp\/v2\/comments?post=46428"}],"version-history":[{"count":1,"href":"https:\/\/elinformanteperu.com\/index.php\/wp-json\/wp\/v2\/posts\/46428\/revisions"}],"predecessor-version":[{"id":46431,"href":"https:\/\/elinformanteperu.com\/index.php\/wp-json\/wp\/v2\/posts\/46428\/revisions\/46431"}],"wp:featuredmedia":[{"embeddable":true,"href":"https:\/\/elinformanteperu.com\/index.php\/wp-json\/wp\/v2\/media\/46430"}],"wp:attachment":[{"href":"https:\/\/elinformanteperu.com\/index.php\/wp-json\/wp\/v2\/media?parent=46428"}],"wp:term":[{"taxonomy":"category","embeddable":true,"href":"https:\/\/elinformanteperu.com\/index.php\/wp-json\/wp\/v2\/categories?post=46428"},{"taxonomy":"post_tag","embeddable":true,"href":"https:\/\/elinformanteperu.com\/index.php\/wp-json\/wp\/v2\/tags?post=46428"}],"curies":[{"name":"wp","href":"https:\/\/api.w.org\/{rel}","templated":true}]}}