{"id":46408,"date":"2019-03-28T21:27:46","date_gmt":"2019-03-29T02:27:46","guid":{"rendered":"http:\/\/elinformanteperu.com\/?p=46408"},"modified":"2019-03-28T21:27:46","modified_gmt":"2019-03-29T02:27:46","slug":"sat-rematara-mas-de-mil-vehiculos-durante-primera-subasta-del-ano","status":"publish","type":"post","link":"https:\/\/elinformanteperu.com\/index.php\/2019\/03\/28\/sat-rematara-mas-de-mil-vehiculos-durante-primera-subasta-del-ano\/","title":{"rendered":"SAT rematar\u00e1 m\u00e1s de mil veh\u00edculos durante primera subasta del a\u00f1o"},"content":{"rendered":"<p><strong><span style=\"color: #000000;\">Actividad se realizar\u00e1 entre el 9 y 12 de abril en los dep\u00f3sitos del \u00f3rgano p\u00fablico en donde se pondr\u00e1n en subasta m\u00e1s de mil veh\u00edculos embargados.<\/span><\/strong><\/p>\n<p><span style=\"color: #000000;\"><strong>Lima, 28 de Marzo 2019, (El Informante Per\u00fa).-<\/strong>El Servicio de Administraci\u00f3n Tributaria de Lima (SAT) realizar\u00e1 el primer remate vehicular del a\u00f1o, en donde se pondr\u00e1n en subasta m\u00e1s de mil veh\u00edculos embargados por falta de pago de diversas obligaciones tributarias, como papeletas de tr\u00e1nsito e impuesto vehicular.<\/span><\/p>\n<p><span style=\"color: #000000;\">El primer remate vehicular del a\u00f1o se realizar\u00e1 entre el 9 y 12 de abril desde las 8:00 a.m. hasta las 6:00 p.m. en el dep\u00f3sito del SAT, ubicado en la avenida Argentina 2926, Cercado de Lima.<\/span><\/p>\n<p><span style=\"color: #000000;\">Entre los veh\u00edculos a ser rematados se encuentran autom\u00f3viles, coaster, omnibuses de conocidas marcas, as\u00ed como motocicletas y mototaxis, todos debidamente tasados. Los veh\u00edculos estar\u00e1n en exhibici\u00f3n para el p\u00fablico interesado los d\u00edas 5 y 8 abril en los siete dep\u00f3sitos del SAT ubicados en el Cercado de Lima, Ate, Comas y Villa El Salvador a partir de las 8:00 am hasta las 5:00 pm.<\/span><\/p>\n<p><span style=\"color: #000000;\">Para participar de la subasta se necesita ser mayor de 18 a\u00f1os y portar su DNI vigente o carnet de extranjer\u00eda. Asimismo, los interesados pueden informarse sobre las caracter\u00edsticas de los veh\u00edculos a ser rematados en la p\u00e1gina web <strong>www.sat.gob.pe<\/strong> a partir del 5 de abril.<\/span><\/p>\n","protected":false},"excerpt":{"rendered":"<p>Actividad se realizar\u00e1 entre el 9 y 12 de abril en los dep\u00f3sitos del \u00f3rgano p\u00fablico en donde se pondr\u00e1n en subasta m\u00e1s de mil veh\u00edculos embargados. Lima, 28 de Marzo 2019, (El Informante Per\u00fa).-El Servicio de Administraci\u00f3n Tributaria de Lima (SAT) realizar\u00e1 el primer remate vehicular del a\u00f1o, en donde se pondr\u00e1n en subasta [&hellip;]<\/p>\n","protected":false},"author":1,"featured_media":13457,"comment_status":"open","ping_status":"open","sticky":false,"template":"","format":"standard","meta":{"rop_custom_images_group":[],"rop_custom_messages_group":[],"rop_publish_now":"initial","rop_publish_now_accounts":[],"rop_publish_now_history":[],"rop_publish_now_status":"pending","footnotes":""},"categories":[10],"tags":[1613,1932],"class_list":["post-46408","post","type-post","status-publish","format-standard","has-post-thumbnail","hentry","category-actualidad-municipal","tag-lima","tag-sat"],"_links":{"self":[{"href":"https:\/\/elinformanteperu.com\/index.php\/wp-json\/wp\/v2\/posts\/46408","targetHints":{"allow":["GET"]}}],"collection":[{"href":"https:\/\/elinformanteperu.com\/index.php\/wp-json\/wp\/v2\/posts"}],"about":[{"href":"https:\/\/elinformanteperu.com\/index.php\/wp-json\/wp\/v2\/types\/post"}],"author":[{"embeddable":true,"href":"https:\/\/elinformanteperu.com\/index.php\/wp-json\/wp\/v2\/users\/1"}],"replies":[{"embeddable":true,"href":"https:\/\/elinformanteperu.com\/index.php\/wp-json\/wp\/v2\/comments?post=46408"}],"version-history":[{"count":1,"href":"https:\/\/elinformanteperu.com\/index.php\/wp-json\/wp\/v2\/posts\/46408\/revisions"}],"predecessor-version":[{"id":46410,"href":"https:\/\/elinformanteperu.com\/index.php\/wp-json\/wp\/v2\/posts\/46408\/revisions\/46410"}],"wp:featuredmedia":[{"embeddable":true,"href":"https:\/\/elinformanteperu.com\/index.php\/wp-json\/wp\/v2\/media\/13457"}],"wp:attachment":[{"href":"https:\/\/elinformanteperu.com\/index.php\/wp-json\/wp\/v2\/media?parent=46408"}],"wp:term":[{"taxonomy":"category","embeddable":true,"href":"https:\/\/elinformanteperu.com\/index.php\/wp-json\/wp\/v2\/categories?post=46408"},{"taxonomy":"post_tag","embeddable":true,"href":"https:\/\/elinformanteperu.com\/index.php\/wp-json\/wp\/v2\/tags?post=46408"}],"curies":[{"name":"wp","href":"https:\/\/api.w.org\/{rel}","templated":true}]}}