{"id":45755,"date":"2019-03-12T23:46:18","date_gmt":"2019-03-13T04:46:18","guid":{"rendered":"http:\/\/elinformanteperu.com\/?p=45755"},"modified":"2019-03-12T23:46:18","modified_gmt":"2019-03-13T04:46:18","slug":"se-habilita-un-carril-en-el-tramo-huanuco-tingo-maria","status":"publish","type":"post","link":"https:\/\/elinformanteperu.com\/index.php\/2019\/03\/12\/se-habilita-un-carril-en-el-tramo-huanuco-tingo-maria\/","title":{"rendered":"Se habilita un carril en el tramo Hu\u00e1nuco-Tingo Mar\u00eda"},"content":{"rendered":"<p><strong><span style=\"color: #000000;\">Prov\u00edas Nacional habilit\u00f3 parcialmente el tr\u00e1nsito entre los kil\u00f3metros 47 y 52 del tramo Hu\u00e1nuco-Tingo Mar\u00eda, entre los sectores Carpish y Mirador.<\/span><\/strong><\/p>\n<p><span style=\"color: #000000;\"><strong>Lima, 12 de Marzo 2019, (ANDINA).-<\/strong> Prov\u00edas Nacional habilit\u00f3 parcialmente el tr\u00e1nsito entre los kil\u00f3metros 47 y 52 del tramo Hu\u00e1nuco-Tingo Mar\u00eda, entre los sectores Carpish y Mirador de la carretera Central (ruta PE-18A), inform\u00f3 el Ministerio de Transportes y Comunicaciones (MTC).<\/span><\/p>\n<p><span style=\"color: #000000;\">Equipos divididos en dos frentes contin\u00faan con los trabajos de limpieza para la habilitaci\u00f3n total de la transitada v\u00eda.<\/span><\/p>\n<p><span style=\"color: #000000;\">Se tiene desplegada maquinaria y personal en los sectores afectados por los huaicos, para ejecutar labores de limpieza y remoci\u00f3n de los derrumbes en la carretera Central.<\/span><\/p>\n<p><span style=\"color: #000000;\">De esta manera, se busca habilitar el tr\u00e1nsito en el menor tiempo posible, de acuerdo con las condiciones de seguridad y clim\u00e1ticas.<\/span><\/p>\n<p><span style=\"color: #000000;\">El MTC recomend\u00f3 respetar las medidas de seguridad a lo largo de la v\u00eda, as\u00ed como tomar las precauciones que correspondan al desplazarse por la zona.<\/span><\/p>\n","protected":false},"excerpt":{"rendered":"<p>Prov\u00edas Nacional habilit\u00f3 parcialmente el tr\u00e1nsito entre los kil\u00f3metros 47 y 52 del tramo Hu\u00e1nuco-Tingo Mar\u00eda, entre los sectores Carpish y Mirador. Lima, 12 de Marzo 2019, (ANDINA).- Prov\u00edas Nacional habilit\u00f3 parcialmente el tr\u00e1nsito entre los kil\u00f3metros 47 y 52 del tramo Hu\u00e1nuco-Tingo Mar\u00eda, entre los sectores Carpish y Mirador de la carretera Central (ruta [&hellip;]<\/p>\n","protected":false},"author":1,"featured_media":45757,"comment_status":"open","ping_status":"open","sticky":false,"template":"","format":"standard","meta":{"rop_custom_images_group":[],"rop_custom_messages_group":[],"rop_publish_now":"initial","rop_publish_now_accounts":[],"rop_publish_now_history":[],"rop_publish_now_status":"pending","footnotes":""},"categories":[10],"tags":[4279,318,317,869],"class_list":["post-45755","post","type-post","status-publish","format-standard","has-post-thumbnail","hentry","category-actualidad-municipal","tag-huanuco","tag-ministerio-de-transportes-y-comunicaciones","tag-mtc","tag-provias"],"_links":{"self":[{"href":"https:\/\/elinformanteperu.com\/index.php\/wp-json\/wp\/v2\/posts\/45755","targetHints":{"allow":["GET"]}}],"collection":[{"href":"https:\/\/elinformanteperu.com\/index.php\/wp-json\/wp\/v2\/posts"}],"about":[{"href":"https:\/\/elinformanteperu.com\/index.php\/wp-json\/wp\/v2\/types\/post"}],"author":[{"embeddable":true,"href":"https:\/\/elinformanteperu.com\/index.php\/wp-json\/wp\/v2\/users\/1"}],"replies":[{"embeddable":true,"href":"https:\/\/elinformanteperu.com\/index.php\/wp-json\/wp\/v2\/comments?post=45755"}],"version-history":[{"count":1,"href":"https:\/\/elinformanteperu.com\/index.php\/wp-json\/wp\/v2\/posts\/45755\/revisions"}],"predecessor-version":[{"id":45758,"href":"https:\/\/elinformanteperu.com\/index.php\/wp-json\/wp\/v2\/posts\/45755\/revisions\/45758"}],"wp:featuredmedia":[{"embeddable":true,"href":"https:\/\/elinformanteperu.com\/index.php\/wp-json\/wp\/v2\/media\/45757"}],"wp:attachment":[{"href":"https:\/\/elinformanteperu.com\/index.php\/wp-json\/wp\/v2\/media?parent=45755"}],"wp:term":[{"taxonomy":"category","embeddable":true,"href":"https:\/\/elinformanteperu.com\/index.php\/wp-json\/wp\/v2\/categories?post=45755"},{"taxonomy":"post_tag","embeddable":true,"href":"https:\/\/elinformanteperu.com\/index.php\/wp-json\/wp\/v2\/tags?post=45755"}],"curies":[{"name":"wp","href":"https:\/\/api.w.org\/{rel}","templated":true}]}}