{"id":45747,"date":"2019-03-12T23:39:18","date_gmt":"2019-03-13T04:39:18","guid":{"rendered":"http:\/\/elinformanteperu.com\/?p=45747"},"modified":"2019-03-12T23:39:18","modified_gmt":"2019-03-13T04:39:18","slug":"cusco-sujeto-que-abuso-de-su-nieta-purgara-cadena-perpetua","status":"publish","type":"post","link":"https:\/\/elinformanteperu.com\/index.php\/2019\/03\/12\/cusco-sujeto-que-abuso-de-su-nieta-purgara-cadena-perpetua\/","title":{"rendered":"Cusco: sujeto que abus\u00f3 de su nieta purgar\u00e1 cadena perpetua"},"content":{"rendered":"<p><strong><span style=\"color: #000000;\">La Corte Superior de Justicia de Cusco sentenci\u00f3 a cadena perpetua y al pago de 15,000 soles de reparaci\u00f3n civil a Narciso D\u00edaz Huam\u00e1n (53), por el delito de violaci\u00f3n.<\/span><\/strong><\/p>\n<p><span style=\"color: #000000;\"><strong>Cusco, 12 de Marzo 2019, (ANDINA).-<\/strong> La Corte Superior de Justicia de Cusco sentenci\u00f3 a cadena perpetua y al pago de 15,000 soles de reparaci\u00f3n civil a Narciso D\u00edaz Huam\u00e1n (53), por el delito de violaci\u00f3n sexual, en agravio de su nieta de 9 a\u00f1os.<\/span><\/p>\n<p><span style=\"color: #000000;\">Por la acusaci\u00f3n fiscal, se sabe que el hecho sucedi\u00f3 en el 2012 en la provincia de Tambopata, departamento de Madre de Dios, cuando la menor se encontraba sola.<\/span><\/p>\n<p><span style=\"color: #000000;\">El delito se repiti\u00f3 en varias oportunidades hasta el 2015, siendo la \u00faltima vez en el sector de Urcos, en la regi\u00f3n Cusco; la peque\u00f1a empez\u00f3 a mostrar tristeza y depresi\u00f3n, comportamiento que fue advertido por su progenitora.<\/span><\/p>\n<p><span style=\"color: #000000;\">La peque\u00f1a fue trasladada al centro m\u00e9dico y ante el temor de ser nuevamente v\u00edctima de violaci\u00f3n cont\u00f3 los hechos a su madre que interpuso la denuncia.<\/span><\/p>\n<p><span style=\"color: #000000;\">La Sala \u00danica de Vacaciones de la Corte Superior de Justicia de Cusco, presidida por Mario Hugo Silva Astete e integrada por los jueces Carlos Fern\u00e1ndez Echea y Elcira Farf\u00e1n Quispe, dispuso que el sujeto permanezca tras las rejas.<\/span><\/p>\n","protected":false},"excerpt":{"rendered":"<p>La Corte Superior de Justicia de Cusco sentenci\u00f3 a cadena perpetua y al pago de 15,000 soles de reparaci\u00f3n civil a Narciso D\u00edaz Huam\u00e1n (53), por el delito de violaci\u00f3n. Cusco, 12 de Marzo 2019, (ANDINA).- La Corte Superior de Justicia de Cusco sentenci\u00f3 a cadena perpetua y al pago de 15,000 soles de reparaci\u00f3n [&hellip;]<\/p>\n","protected":false},"author":1,"featured_media":45749,"comment_status":"open","ping_status":"open","sticky":false,"template":"","format":"standard","meta":{"rop_custom_images_group":[],"rop_custom_messages_group":[],"rop_publish_now":"initial","rop_publish_now_accounts":[],"rop_publish_now_history":[],"rop_publish_now_status":"pending","footnotes":""},"categories":[10],"tags":[163],"class_list":["post-45747","post","type-post","status-publish","format-standard","has-post-thumbnail","hentry","category-actualidad-municipal","tag-poder-judicial"],"_links":{"self":[{"href":"https:\/\/elinformanteperu.com\/index.php\/wp-json\/wp\/v2\/posts\/45747","targetHints":{"allow":["GET"]}}],"collection":[{"href":"https:\/\/elinformanteperu.com\/index.php\/wp-json\/wp\/v2\/posts"}],"about":[{"href":"https:\/\/elinformanteperu.com\/index.php\/wp-json\/wp\/v2\/types\/post"}],"author":[{"embeddable":true,"href":"https:\/\/elinformanteperu.com\/index.php\/wp-json\/wp\/v2\/users\/1"}],"replies":[{"embeddable":true,"href":"https:\/\/elinformanteperu.com\/index.php\/wp-json\/wp\/v2\/comments?post=45747"}],"version-history":[{"count":1,"href":"https:\/\/elinformanteperu.com\/index.php\/wp-json\/wp\/v2\/posts\/45747\/revisions"}],"predecessor-version":[{"id":45750,"href":"https:\/\/elinformanteperu.com\/index.php\/wp-json\/wp\/v2\/posts\/45747\/revisions\/45750"}],"wp:featuredmedia":[{"embeddable":true,"href":"https:\/\/elinformanteperu.com\/index.php\/wp-json\/wp\/v2\/media\/45749"}],"wp:attachment":[{"href":"https:\/\/elinformanteperu.com\/index.php\/wp-json\/wp\/v2\/media?parent=45747"}],"wp:term":[{"taxonomy":"category","embeddable":true,"href":"https:\/\/elinformanteperu.com\/index.php\/wp-json\/wp\/v2\/categories?post=45747"},{"taxonomy":"post_tag","embeddable":true,"href":"https:\/\/elinformanteperu.com\/index.php\/wp-json\/wp\/v2\/tags?post=45747"}],"curies":[{"name":"wp","href":"https:\/\/api.w.org\/{rel}","templated":true}]}}