{"id":45511,"date":"2019-03-10T12:26:26","date_gmt":"2019-03-10T17:26:26","guid":{"rendered":"http:\/\/elinformanteperu.com\/?p=45511"},"modified":"2019-03-10T12:26:26","modified_gmt":"2019-03-10T17:26:26","slug":"stefano-peschiera-abanderado-peruano-para-los-suramericanos-de-playa","status":"publish","type":"post","link":"https:\/\/elinformanteperu.com\/index.php\/2019\/03\/10\/stefano-peschiera-abanderado-peruano-para-los-suramericanos-de-playa\/","title":{"rendered":"St\u00e9fano Peschiera abanderado peruano para los Suramericanos de Playa"},"content":{"rendered":"<p><strong><span style=\"color: #000000;\">El velerista ol\u00edmpico St\u00e9fano Peschiera fue designado como abanderado de la delegaci\u00f3n peruana en los IV Juegos Suramericanos de Playa Rosario 2019.<\/span><\/strong><\/p>\n<p><span style=\"color: #000000;\"><strong>Lima, 09 de Marzo 2019, (ANDINA).-<\/strong> El velerista ol\u00edmpico St\u00e9fano Peschiera fue designado como abanderado de la delegaci\u00f3n peruana que desde el jueves de la pr\u00f3xima semana competir\u00e1 en los IV Juegos Suramericanos de Playa Rosario 2019. El deportista \u2013que ya est\u00e1 clasificado a Lima 2019 y a la cita ol\u00edmpica en Tokio en el 2020.<\/span><\/p>\n<p><span style=\"color: #000000;\">\u201cDesde aqu\u00ed quiero agradecerle mucho al Comit\u00e9 Ol\u00edmpico Peruano, es un honor para m\u00ed ser el abanderado y encabezar a un grupo de deportistas con much\u00edsimo talento que iremos en pos del mayor n\u00famero de medallas para el Per\u00fa\u201d, coment\u00f3 en una transmisi\u00f3n de video desde Paracas , lugar donde compiti\u00f3 hasta ayer viernes.<\/span><\/p>\n<p><span style=\"color: #000000;\">La ceremonia de hoy en el Auditorio del COP sirvi\u00f3 para presentar oficialmente a los 66 deportistas que estar\u00e1n tomando parte en la cita suramericana, delegaci\u00f3n que incluye a la tambi\u00e9n ol\u00edmpica Paloma Schmidt, al campe\u00f3n mundial Alonso Correa y a figuras destacadas como los surfistas Gianissa Vecco e Itzel Delgado.<\/span><\/p>\n<p><span style=\"color: #000000;\">El acto principal estuvo encabezado por el presidente del Comit\u00e9 Ol\u00edmpico Peruano, el Dr. Pedro Del Rosario, y la Jefa de Misi\u00f3n en Rosario, Jenny Mart\u00ednez.<\/span><\/p>\n<p><span style=\"color: #000000;\">\u201cUstedes representan a los mejores deportistas. No todos tienen la oportunidad de llegar a una selecci\u00f3n nacional ni de representar a todo un pa\u00eds, y hoy ustedes llevar\u00e1n la fuerza de ese pa\u00eds que sigue esperanzado en los grandes resultados que, sabemos, nos van a traer\u201d, afirm\u00f3 el titular del COP, Pedro Del Rosario.<\/span><\/p>\n<p><span style=\"color: #000000;\">La delegaci\u00f3n nacional competir\u00e1 en nueve deportes distintos. Ellos partir\u00e1n en grupos desde el martes hacia la ciudad argentina.<\/span><\/p>\n<p><img fetchpriority=\"high\" decoding=\"async\" class=\"aligncenter size-full wp-image-23119\" src=\"http:\/\/elinformanteperu.com\/wp-content\/uploads\/2018\/03\/IPD-Milco-junto-a-Santiago-Bazo-Mar\u00eda-Bel\u00e9n-Bazo-y-Ra\u00fal-Claux-1.jpg\" alt=\"\" width=\"800\" height=\"533\" srcset=\"https:\/\/elinformanteperu.com\/wp-content\/uploads\/2018\/03\/IPD-Milco-junto-a-Santiago-Bazo-Mar\u00eda-Bel\u00e9n-Bazo-y-Ra\u00fal-Claux-1.jpg 800w, https:\/\/elinformanteperu.com\/wp-content\/uploads\/2018\/03\/IPD-Milco-junto-a-Santiago-Bazo-Mar\u00eda-Bel\u00e9n-Bazo-y-Ra\u00fal-Claux-1-300x200.jpg 300w, https:\/\/elinformanteperu.com\/wp-content\/uploads\/2018\/03\/IPD-Milco-junto-a-Santiago-Bazo-Mar\u00eda-Bel\u00e9n-Bazo-y-Ra\u00fal-Claux-1-768x512.jpg 768w, https:\/\/elinformanteperu.com\/wp-content\/uploads\/2018\/03\/IPD-Milco-junto-a-Santiago-Bazo-Mar\u00eda-Bel\u00e9n-Bazo-y-Ra\u00fal-Claux-1-128x85.jpg 128w, https:\/\/elinformanteperu.com\/wp-content\/uploads\/2018\/03\/IPD-Milco-junto-a-Santiago-Bazo-Mar\u00eda-Bel\u00e9n-Bazo-y-Ra\u00fal-Claux-1-32x21.jpg 32w\" sizes=\"(max-width: 800px) 100vw, 800px\" \/><\/p>\n","protected":false},"excerpt":{"rendered":"<p>El velerista ol\u00edmpico St\u00e9fano Peschiera fue designado como abanderado de la delegaci\u00f3n peruana en los IV Juegos Suramericanos de Playa Rosario 2019. Lima, 09 de Marzo 2019, (ANDINA).- El velerista ol\u00edmpico St\u00e9fano Peschiera fue designado como abanderado de la delegaci\u00f3n peruana que desde el jueves de la pr\u00f3xima semana competir\u00e1 en los IV Juegos Suramericanos [&hellip;]<\/p>\n","protected":false},"author":1,"featured_media":45513,"comment_status":"open","ping_status":"open","sticky":false,"template":"","format":"standard","meta":{"rop_custom_images_group":[],"rop_custom_messages_group":[],"rop_publish_now":"initial","rop_publish_now_accounts":[],"rop_publish_now_history":[],"rop_publish_now_status":"pending","footnotes":""},"categories":[8],"tags":[417,1289],"class_list":["post-45511","post","type-post","status-publish","format-standard","has-post-thumbnail","hentry","category-disciplinas-deportivas","tag-ipd","tag-stefano-peschiera"],"_links":{"self":[{"href":"https:\/\/elinformanteperu.com\/index.php\/wp-json\/wp\/v2\/posts\/45511","targetHints":{"allow":["GET"]}}],"collection":[{"href":"https:\/\/elinformanteperu.com\/index.php\/wp-json\/wp\/v2\/posts"}],"about":[{"href":"https:\/\/elinformanteperu.com\/index.php\/wp-json\/wp\/v2\/types\/post"}],"author":[{"embeddable":true,"href":"https:\/\/elinformanteperu.com\/index.php\/wp-json\/wp\/v2\/users\/1"}],"replies":[{"embeddable":true,"href":"https:\/\/elinformanteperu.com\/index.php\/wp-json\/wp\/v2\/comments?post=45511"}],"version-history":[{"count":1,"href":"https:\/\/elinformanteperu.com\/index.php\/wp-json\/wp\/v2\/posts\/45511\/revisions"}],"predecessor-version":[{"id":45514,"href":"https:\/\/elinformanteperu.com\/index.php\/wp-json\/wp\/v2\/posts\/45511\/revisions\/45514"}],"wp:featuredmedia":[{"embeddable":true,"href":"https:\/\/elinformanteperu.com\/index.php\/wp-json\/wp\/v2\/media\/45513"}],"wp:attachment":[{"href":"https:\/\/elinformanteperu.com\/index.php\/wp-json\/wp\/v2\/media?parent=45511"}],"wp:term":[{"taxonomy":"category","embeddable":true,"href":"https:\/\/elinformanteperu.com\/index.php\/wp-json\/wp\/v2\/categories?post=45511"},{"taxonomy":"post_tag","embeddable":true,"href":"https:\/\/elinformanteperu.com\/index.php\/wp-json\/wp\/v2\/tags?post=45511"}],"curies":[{"name":"wp","href":"https:\/\/api.w.org\/{rel}","templated":true}]}}