{"id":45503,"date":"2019-03-10T12:13:32","date_gmt":"2019-03-10T17:13:32","guid":{"rendered":"http:\/\/elinformanteperu.com\/?p=45503"},"modified":"2019-03-10T12:13:32","modified_gmt":"2019-03-10T17:13:32","slug":"paracas-fue-sede-de-campeonato-centro-sudamericano-de-laser-radial","status":"publish","type":"post","link":"https:\/\/elinformanteperu.com\/index.php\/2019\/03\/10\/paracas-fue-sede-de-campeonato-centro-sudamericano-de-laser-radial\/","title":{"rendered":"Paracas fue sede de campeonato Centro Sudamericano de Laser Radial"},"content":{"rendered":"<p><strong><span style=\"color: #000000;\">El Ministerio de Educaci\u00f3n, a trav\u00e9s del Instituto Peruano del Deporte, estuvo presente con nuestros deportistas de Vela, en la ceremonia de Clausura.<\/span><\/strong><\/p>\n<p><span style=\"color: #000000;\"><strong>Lima, 08 de Marzo 2019, (ANDINA).-<\/strong> El Ministerio de Educaci\u00f3n, a trav\u00e9s del Instituto Peruano del Deporte, estuvo presente con nuestros deportistas de Vela, en la ceremonia de Clausura del Campeonato Centro Sudamericano de Laser Radial 2019 que se realiz\u00f3 en el Yacht Club de la Bah\u00eda de Paracas, sede natural de los XVIII Juegos Panamericanos Lima 2019.<\/span><\/p>\n<p><span style=\"color: #000000;\">Presentes a este importante evento que otorgo plazas para los Juegos Lima 2019 estuvieron el presidente del IPD, Sebasti\u00e1n Suito, el titular de la Federaci\u00f3n Deportiva Peruana de Vela, Jorge Barreda, el presidente de la Asociaci\u00f3n de Veleros Laser del Per\u00fa, Pablo Peschiera, deportistas y dirigentes.<\/span><\/p>\n<p><span style=\"color: #000000;\">\u201cPara el IPD es muy importante estar y caminar con los deportistas nacionales. Estar a su lado, saber sus preocupaciones, lo qu\u00e9 les falta, saber sus necesidades y estar pendientes de sus logros. Los deportistas, son nuestra raz\u00f3n de ser, son nuestra motivaci\u00f3n de trabajo y vamos a dejar todo en la cancha en los Juegos Panamericanos y Parapanamericanos Lima 2019\u201d, indic\u00f3.<\/span><\/p>\n<p><span style=\"color: #000000;\">El campe\u00f3n absoluto del Torneo Centro Sudamericano de Laser Radial 2019, fue Stefano Peschiera, deportista de Laser Radial, clasificado a los Panamericanos Lima 2019 y los Juegos Ol\u00edmpicos Tokio 2020 y en la clase 4.7 el ganador fue Stefano Viale.<\/span><\/p>\n<p><span style=\"color: #000000;\">En el campeonato Centro Sudamericano de Laser Radial 2019 los veleristas Renzo Sanguinetti en Sunfish y Paloma Schmidt en Laser Radial, clasificaron a los Juegos Panamericanos Lima 2019.<\/span><\/p>\n<p><span style=\"color: #000000;\">Paloma fue la mejor ubicada en Laser Radial donde la campeona fue la argentina Luc\u00eda Falasca. En esta competencia participaron veleristas de Argentina, Brasil, Francia, M\u00e9xico, Guatemala, Uruguay, Chile, Trinidad y Tobago, Cuba, Puerto Rico, Ecuador, Colombia y Per\u00fa.<\/span><\/p>\n<p><span style=\"color: #000000;\">Sanguinetti fue el primero en Sunfish y super\u00f3 a Jean Paul de Trazegnies. En este evento participaron veleristas de Canad\u00e1, Brasil, Argentina, Ecuador, Guatemala, Chile, Cuba, Colombia, Puerto Rico, Curazao y Per\u00fa.<\/span><\/p>\n<p><span style=\"color: #000000;\">Asimismo, en este campeonato se disputaron las competencias de Laser Standar con las representaciones nacionales de Stefano Peschiera, ya clasificado a los Juegos Ol\u00edmpicos Tokio 2020 junto a Sergio Silva, Carlos Balarezo, Renzo Sanguinetti y Rodrigo Carbajal quienes completaron la armada peruana.<\/span><\/p>\n<p><span style=\"color: #000000;\">En esta disciplina deportiva de Vela participaron Argentina, Aruba, Bermudas, Brasil, Canad\u00e1, Colombia, El Salvador, Cuba, Chile, Ecuador, Estados Unidos, Guatemala, M\u00e9xico, Portugal, Trinidad y Tobago, Uruguay y Venezuela.<\/span><\/p>\n<p><span style=\"color: #000000;\">De otro lado en 4.7 hemos sido representados por Stefano Viale, Mauro Pretto, Mateo Parodi, Frances Wieland, Adriana Barr\u00f3n, Chiara Urdaneta, Mat\u00edas Palma, Alejandro Mago, Rafael Ruales, Florencia Chiarella, Crist\u00f3bal Yzaga y Mar\u00eda P\u00eda Van Oordt. Adem\u00e1s de Per\u00fa en esta clase compitieron Uruguay, Paraguay, Espa\u00f1a, Ecuador, Colombia y Chile.<\/span><\/p>\n<p><img fetchpriority=\"high\" decoding=\"async\" class=\"aligncenter size-full wp-image-33997\" src=\"http:\/\/elinformanteperu.com\/wp-content\/uploads\/2018\/09\/Alexandra-Orlando-Panamericanos3.jpg\" alt=\"\" width=\"2674\" height=\"3106\" srcset=\"https:\/\/elinformanteperu.com\/wp-content\/uploads\/2018\/09\/Alexandra-Orlando-Panamericanos3.jpg 2674w, https:\/\/elinformanteperu.com\/wp-content\/uploads\/2018\/09\/Alexandra-Orlando-Panamericanos3-258x300.jpg 258w, https:\/\/elinformanteperu.com\/wp-content\/uploads\/2018\/09\/Alexandra-Orlando-Panamericanos3-768x892.jpg 768w, https:\/\/elinformanteperu.com\/wp-content\/uploads\/2018\/09\/Alexandra-Orlando-Panamericanos3-882x1024.jpg 882w, https:\/\/elinformanteperu.com\/wp-content\/uploads\/2018\/09\/Alexandra-Orlando-Panamericanos3-110x128.jpg 110w, https:\/\/elinformanteperu.com\/wp-content\/uploads\/2018\/09\/Alexandra-Orlando-Panamericanos3-28x32.jpg 28w\" sizes=\"(max-width: 2674px) 100vw, 2674px\" \/><\/p>\n","protected":false},"excerpt":{"rendered":"<p>El Ministerio de Educaci\u00f3n, a trav\u00e9s del Instituto Peruano del Deporte, estuvo presente con nuestros deportistas de Vela, en la ceremonia de Clausura. Lima, 08 de Marzo 2019, (ANDINA).- El Ministerio de Educaci\u00f3n, a trav\u00e9s del Instituto Peruano del Deporte, estuvo presente con nuestros deportistas de Vela, en la ceremonia de Clausura del Campeonato Centro [&hellip;]<\/p>\n","protected":false},"author":1,"featured_media":45505,"comment_status":"open","ping_status":"open","sticky":false,"template":"","format":"standard","meta":{"rop_custom_images_group":[],"rop_custom_messages_group":[],"rop_publish_now":"initial","rop_publish_now_accounts":[],"rop_publish_now_history":[],"rop_publish_now_status":"pending","footnotes":""},"categories":[8],"tags":[417,190,404,2003],"class_list":["post-45503","post","type-post","status-publish","format-standard","has-post-thumbnail","hentry","category-disciplinas-deportivas","tag-ipd","tag-juegos-panamericanos","tag-juegos-panamericanos-lima-2019","tag-parapanamericanos-lima-2019"],"_links":{"self":[{"href":"https:\/\/elinformanteperu.com\/index.php\/wp-json\/wp\/v2\/posts\/45503","targetHints":{"allow":["GET"]}}],"collection":[{"href":"https:\/\/elinformanteperu.com\/index.php\/wp-json\/wp\/v2\/posts"}],"about":[{"href":"https:\/\/elinformanteperu.com\/index.php\/wp-json\/wp\/v2\/types\/post"}],"author":[{"embeddable":true,"href":"https:\/\/elinformanteperu.com\/index.php\/wp-json\/wp\/v2\/users\/1"}],"replies":[{"embeddable":true,"href":"https:\/\/elinformanteperu.com\/index.php\/wp-json\/wp\/v2\/comments?post=45503"}],"version-history":[{"count":1,"href":"https:\/\/elinformanteperu.com\/index.php\/wp-json\/wp\/v2\/posts\/45503\/revisions"}],"predecessor-version":[{"id":45506,"href":"https:\/\/elinformanteperu.com\/index.php\/wp-json\/wp\/v2\/posts\/45503\/revisions\/45506"}],"wp:featuredmedia":[{"embeddable":true,"href":"https:\/\/elinformanteperu.com\/index.php\/wp-json\/wp\/v2\/media\/45505"}],"wp:attachment":[{"href":"https:\/\/elinformanteperu.com\/index.php\/wp-json\/wp\/v2\/media?parent=45503"}],"wp:term":[{"taxonomy":"category","embeddable":true,"href":"https:\/\/elinformanteperu.com\/index.php\/wp-json\/wp\/v2\/categories?post=45503"},{"taxonomy":"post_tag","embeddable":true,"href":"https:\/\/elinformanteperu.com\/index.php\/wp-json\/wp\/v2\/tags?post=45503"}],"curies":[{"name":"wp","href":"https:\/\/api.w.org\/{rel}","templated":true}]}}