{"id":45282,"date":"2019-03-06T07:01:30","date_gmt":"2019-03-06T12:01:30","guid":{"rendered":"http:\/\/elinformanteperu.com\/?p=45282"},"modified":"2019-03-06T07:01:30","modified_gmt":"2019-03-06T12:01:30","slug":"defensoria-exhorta-a-lescano-a-abstenerse-de-acercarse-a-periodista","status":"publish","type":"post","link":"https:\/\/elinformanteperu.com\/index.php\/2019\/03\/06\/defensoria-exhorta-a-lescano-a-abstenerse-de-acercarse-a-periodista\/","title":{"rendered":"Defensor\u00eda exhorta a Lescano a abstenerse de acercarse a periodista"},"content":{"rendered":"<p><strong><span style=\"color: #000000;\">La Defensor\u00eda del Pueblo oficializ\u00f3 el pedido de medidas de protecci\u00f3n a favor de la periodista que present\u00f3 una denuncia contra el congresista Yohny Lescano.<\/span><\/strong><\/p>\n<p><span style=\"color: #000000;\"><strong>Lima, 05 de Marzo 2019, (ANDINA).-<\/strong> La Defensor\u00eda del Pueblo oficializ\u00f3 el pedido de medidas de protecci\u00f3n, efectivas y oportunas, al Ministerio P\u00fablico, a favor de la periodista que present\u00f3 una denuncia por acoso sexual contra el congresista Yohny Lescano.<\/span><\/p>\n<p><span style=\"color: #000000;\">Con ello se busca evitar que las investigaciones y el debido proceso que el caso amerita afecten los derechos humanos fundamentales de la v\u00edctima y vulneren su integridad f\u00edsica y psicol\u00f3gica.<\/span><\/p>\n<p><span style=\"color: #000000;\">En un oficio enviado a la Fiscal\u00eda Provincial Transitoria Especializada en Violencia contra las Mujeres y los integrantes del Grupo Familiar de Lima, la Defensor\u00eda pidi\u00f3 que se tome en cuenta \u00abla defensa agraviante y ofensiva\u00bb que ha asumido Lescano en medios de comunicaci\u00f3n y plataformas inform\u00e1ticas.<\/span><\/p>\n<p><span style=\"color: #000000;\">\u201cHemos advertido que las investigaciones que se vienen realizando en la sede parlamentaria est\u00e1n generando una sobreexposici\u00f3n p\u00fablica por parte del denunciado, quien ha proferido calificativos que atentan contra la dignidad de la v\u00edctima, coloc\u00e1ndola en un escenario de revictimizaci\u00f3n\u201d, se\u00f1ala el documento.<\/span><\/p>\n<p><span style=\"color: #000000;\">Asimismo, en el marco de la Ley para prevenir, sancionar y erradicar la violencia contra las mujeres y los integrantes del grupo familiar N\u00b0 30364, se demand\u00f3 que las medidas de protecci\u00f3n contemplen el impedimento de acercamiento o proximidad del agresor a la v\u00edctima en cualquier forma; la prohibici\u00f3n de comunicaci\u00f3n v\u00eda telef\u00f3nica, correo electr\u00f3nico, redes sociales u otro medio similar.<\/span><\/p>\n<p><span style=\"color: #000000;\">Adem\u00e1s, la Defensor\u00eda consider\u00f3 necesario que el Juzgado de Familia pertinente dicte como medidas de protecci\u00f3n la prohibici\u00f3n al investigado de no dirigirse a la v\u00edctima o referirse a ella a trav\u00e9s de medios de comunicaci\u00f3n o redes sociales, atribuy\u00e9ndole conductas sexuales, sociales, laborales o de cualquier \u00edndole.<\/span><\/p>\n<p><span style=\"color: #000000;\">\u201cPara la Defensor\u00eda, dichas aseveraciones da\u00f1an la dignidad humana de la denunciante, la desacreditan, la descalifican injustamente, someti\u00e9ndola a una doble victimizaci\u00f3n\u201d, indica el oficio enviado al Ministerio P\u00fablico.<\/span><\/p>\n<p><span style=\"color: #000000;\">\u201cDesde el 1 de marzo, el investigado ha continuado una serie de agravios p\u00fablicos sistem\u00e1ticos, como el hecho de retarla a una confrontaci\u00f3n y una exposici\u00f3n en medios de comunicaci\u00f3n social\u201d, finaliza el documento.<\/span><\/p>\n<p><span style=\"color: #000000;\">La Defensor\u00eda asegur\u00f3 que continuar\u00e1 acompa\u00f1ando el caso hasta garantizar el acceso de la v\u00edctima a la justicia y el restablecimiento de su derecho a una vida libre de violencia.<\/span><\/p>\n","protected":false},"excerpt":{"rendered":"<p>La Defensor\u00eda del Pueblo oficializ\u00f3 el pedido de medidas de protecci\u00f3n a favor de la periodista que present\u00f3 una denuncia contra el congresista Yohny Lescano. Lima, 05 de Marzo 2019, (ANDINA).- La Defensor\u00eda del Pueblo oficializ\u00f3 el pedido de medidas de protecci\u00f3n, efectivas y oportunas, al Ministerio P\u00fablico, a favor de la periodista que present\u00f3 [&hellip;]<\/p>\n","protected":false},"author":1,"featured_media":32524,"comment_status":"open","ping_status":"open","sticky":false,"template":"","format":"standard","meta":{"rop_custom_images_group":[],"rop_custom_messages_group":[],"rop_publish_now":"initial","rop_publish_now_accounts":[],"rop_publish_now_history":[],"rop_publish_now_status":"pending","footnotes":""},"categories":[5],"tags":[4255,192,428,370,475],"class_list":["post-45282","post","type-post","status-publish","format-standard","has-post-thumbnail","hentry","category-actualidad-informativa","tag-acoso-sexual","tag-congreso","tag-defensoria-del-pueblo","tag-ministerio-publico","tag-yonhy-lescano"],"_links":{"self":[{"href":"https:\/\/elinformanteperu.com\/index.php\/wp-json\/wp\/v2\/posts\/45282","targetHints":{"allow":["GET"]}}],"collection":[{"href":"https:\/\/elinformanteperu.com\/index.php\/wp-json\/wp\/v2\/posts"}],"about":[{"href":"https:\/\/elinformanteperu.com\/index.php\/wp-json\/wp\/v2\/types\/post"}],"author":[{"embeddable":true,"href":"https:\/\/elinformanteperu.com\/index.php\/wp-json\/wp\/v2\/users\/1"}],"replies":[{"embeddable":true,"href":"https:\/\/elinformanteperu.com\/index.php\/wp-json\/wp\/v2\/comments?post=45282"}],"version-history":[{"count":1,"href":"https:\/\/elinformanteperu.com\/index.php\/wp-json\/wp\/v2\/posts\/45282\/revisions"}],"predecessor-version":[{"id":45284,"href":"https:\/\/elinformanteperu.com\/index.php\/wp-json\/wp\/v2\/posts\/45282\/revisions\/45284"}],"wp:featuredmedia":[{"embeddable":true,"href":"https:\/\/elinformanteperu.com\/index.php\/wp-json\/wp\/v2\/media\/32524"}],"wp:attachment":[{"href":"https:\/\/elinformanteperu.com\/index.php\/wp-json\/wp\/v2\/media?parent=45282"}],"wp:term":[{"taxonomy":"category","embeddable":true,"href":"https:\/\/elinformanteperu.com\/index.php\/wp-json\/wp\/v2\/categories?post=45282"},{"taxonomy":"post_tag","embeddable":true,"href":"https:\/\/elinformanteperu.com\/index.php\/wp-json\/wp\/v2\/tags?post=45282"}],"curies":[{"name":"wp","href":"https:\/\/api.w.org\/{rel}","templated":true}]}}