{"id":45273,"date":"2019-03-06T06:54:40","date_gmt":"2019-03-06T11:54:40","guid":{"rendered":"http:\/\/elinformanteperu.com\/?p=45273"},"modified":"2019-03-06T06:54:40","modified_gmt":"2019-03-06T11:54:40","slug":"padres-podran-decidir-el-orden-de-los-apellidos-de-los-hijos","status":"publish","type":"post","link":"https:\/\/elinformanteperu.com\/index.php\/2019\/03\/06\/padres-podran-decidir-el-orden-de-los-apellidos-de-los-hijos\/","title":{"rendered":"Padres podr\u00e1n decidir el orden de los apellidos de los hijos"},"content":{"rendered":"<p><strong><span style=\"color: #000000;\">La Comisi\u00f3n de la Mujer del Congreso aprob\u00f3 el dictamen que establece que el padre y la madre de familia definan en conjunto el orden de los apellidos de sus hijos.<\/span><\/strong><\/p>\n<p><span style=\"color: #000000;\"><strong>Lima, 05 de Marzo 2019, (ANDINA).-<\/strong> La Comisi\u00f3n de la Mujer del Congreso aprob\u00f3 el dictamen que establece que el padre y la madre de familia definan en conjunto el orden de los apellidos de sus hijos, inform\u00f3 la legisladora Patricia Donayre.<\/span><\/p>\n<p><span style=\"color: #000000;\">Seg\u00fan la iniciativa de la citada parlamentaria, con ello se modifica el art\u00edculo 20 del Decreto Legislativo 295 del C\u00f3digo Civil, que determina el orden del apellido de un reci\u00e9n nacido.<\/span><\/p>\n<p><span style=\"color: #000000;\">\u00abContinuaremos impulsando la igualdad real para las mujeres en el pa\u00eds\u00bb, escribi\u00f3 Donayre en su cuenta de Twitter.<\/span><\/p>\n<p><span style=\"color: #000000;\">La propuesta establece la modificaci\u00f3n del referido art\u00edculo de la siguiente manera: \u00ab(&#8230;) al hijo matrimonial le corresponde el primer apellido del padre y el primero de la madre, en el orden que ambos acuerden\u00bb.<\/span><\/p>\n<p><span style=\"color: #000000;\">Por su parte, la congresista Marisa Glave sostuvo que la decisi\u00f3n tomada por la Comisi\u00f3n de la Mujer constituye \u00abun primer paso\u00bb, porque a\u00fan falta aprobarla ante el Pleno del Parlamento.<\/span><\/p>\n<p><span style=\"color: #000000;\">\u00abPero al fin los padres de manera democr\u00e1tica pueden tomar la decisi\u00f3n del orden de los apellidos de sus hijos\u00bb, manifest\u00f3.<\/span><\/p>\n<p><span style=\"color: #000000;\">Asimismo, resalt\u00f3 que en el caso de las madres solteras, donde existe un padre ausente, estas podr\u00e1n hacer la inscripci\u00f3n solas y determinar el orden de los apellidos.<\/span><\/p>\n","protected":false},"excerpt":{"rendered":"<p>La Comisi\u00f3n de la Mujer del Congreso aprob\u00f3 el dictamen que establece que el padre y la madre de familia definan en conjunto el orden de los apellidos de sus hijos. Lima, 05 de Marzo 2019, (ANDINA).- La Comisi\u00f3n de la Mujer del Congreso aprob\u00f3 el dictamen que establece que el padre y la madre [&hellip;]<\/p>\n","protected":false},"author":1,"featured_media":31994,"comment_status":"open","ping_status":"open","sticky":false,"template":"","format":"standard","meta":{"rop_custom_images_group":[],"rop_custom_messages_group":[],"rop_publish_now":"initial","rop_publish_now_accounts":[],"rop_publish_now_history":[],"rop_publish_now_status":"pending","footnotes":""},"categories":[5],"tags":[192,146],"class_list":["post-45273","post","type-post","status-publish","format-standard","has-post-thumbnail","hentry","category-actualidad-informativa","tag-congreso","tag-reniec"],"_links":{"self":[{"href":"https:\/\/elinformanteperu.com\/index.php\/wp-json\/wp\/v2\/posts\/45273","targetHints":{"allow":["GET"]}}],"collection":[{"href":"https:\/\/elinformanteperu.com\/index.php\/wp-json\/wp\/v2\/posts"}],"about":[{"href":"https:\/\/elinformanteperu.com\/index.php\/wp-json\/wp\/v2\/types\/post"}],"author":[{"embeddable":true,"href":"https:\/\/elinformanteperu.com\/index.php\/wp-json\/wp\/v2\/users\/1"}],"replies":[{"embeddable":true,"href":"https:\/\/elinformanteperu.com\/index.php\/wp-json\/wp\/v2\/comments?post=45273"}],"version-history":[{"count":1,"href":"https:\/\/elinformanteperu.com\/index.php\/wp-json\/wp\/v2\/posts\/45273\/revisions"}],"predecessor-version":[{"id":45275,"href":"https:\/\/elinformanteperu.com\/index.php\/wp-json\/wp\/v2\/posts\/45273\/revisions\/45275"}],"wp:featuredmedia":[{"embeddable":true,"href":"https:\/\/elinformanteperu.com\/index.php\/wp-json\/wp\/v2\/media\/31994"}],"wp:attachment":[{"href":"https:\/\/elinformanteperu.com\/index.php\/wp-json\/wp\/v2\/media?parent=45273"}],"wp:term":[{"taxonomy":"category","embeddable":true,"href":"https:\/\/elinformanteperu.com\/index.php\/wp-json\/wp\/v2\/categories?post=45273"},{"taxonomy":"post_tag","embeddable":true,"href":"https:\/\/elinformanteperu.com\/index.php\/wp-json\/wp\/v2\/tags?post=45273"}],"curies":[{"name":"wp","href":"https:\/\/api.w.org\/{rel}","templated":true}]}}