{"id":45270,"date":"2019-03-06T06:52:31","date_gmt":"2019-03-06T11:52:31","guid":{"rendered":"http:\/\/elinformanteperu.com\/?p=45270"},"modified":"2019-03-06T06:52:31","modified_gmt":"2019-03-06T11:52:31","slug":"periodista-que-denuncio-a-lescano-no-esta-obligada-a-asistir-a-etica","status":"publish","type":"post","link":"https:\/\/elinformanteperu.com\/index.php\/2019\/03\/06\/periodista-que-denuncio-a-lescano-no-esta-obligada-a-asistir-a-etica\/","title":{"rendered":"Periodista que denunci\u00f3 a Lescano no est\u00e1 obligada a asistir a \u00c9tica"},"content":{"rendered":"<p><strong><span style=\"color: #000000;\">La periodista que denunci\u00f3 al congresista Yonhy Lescano por acoso sexual no est\u00e1 obligada a asistir a la Comisi\u00f3n de \u00c9tica Parlamentaria, inform\u00f3 su titular, Janet S\u00e1nchez.<\/span><\/strong><\/p>\n<p><span style=\"color: #000000;\"><strong>Lima, 05 de Marzo 2019, (ANDINA).-<\/strong> La periodista que denunci\u00f3 al congresista Yonhy Lescano por acoso sexual no est\u00e1 obligada a asistir a la Comisi\u00f3n de \u00c9tica Parlamentaria, que acord\u00f3 iniciar una investigaci\u00f3n del caso, inform\u00f3 su titular, Janet S\u00e1nchez.<\/span><\/p>\n<p><span style=\"color: #000000;\">Seg\u00fan explic\u00f3 a la prensa, se buscar\u00e1 tener una reuni\u00f3n en privado con la agraviada y luego ella decidir\u00e1 si acude o no a la audiencia programada para el pr\u00f3ximo 14 de marzo.<\/span><\/p>\n<p><span style=\"color: #000000;\">\u00abEst\u00e1 en su derecho de no asistir si lo cree conveniente, la comisi\u00f3n siempre ser\u00e1 respetuosa en ese sentido\u00bb, manifest\u00f3.<\/span><\/p>\n<p><span style=\"color: #000000;\">Tras considerar importante lo que pueda informar la periodista, a fin de ayudar a resolver la denuncia con objetividad, adelant\u00f3 que se invitar\u00e1 a otros testigos como el reportero Eric S\u00e1nchez y los polic\u00edas a cargo de la seguridad de Lescano.<\/span><\/p>\n<p><span style=\"color: #000000;\">En otro momento, S\u00e1nchez descart\u00f3 que los congresistas integrantes de la Comisi\u00f3n de \u00c9tica hayan adelantado opini\u00f3n sobre la denuncia contra Lescano.<\/span><\/p>\n<p><span style=\"color: #000000;\">\u00abSon libres de expresar y dar sus opiniones, es el equipo t\u00e9cnico y la presidencia los que hacen el trabajo de investigaci\u00f3n\u00bb, puntualiz\u00f3.<\/span><\/p>\n<p><span style=\"color: #000000;\">\u00abNo perseguimos a nadie, no hay odios ni vemos tintes pol\u00edticos. Cada parlamentario es responsable de sus actos, sea quien sea\u00bb, a\u00f1adi\u00f3 Sanchez.<\/span><\/p>\n<p><span style=\"color: #000000;\">Esta tarde, la Comisi\u00f3n de \u00c9tica Parlamentaria aprob\u00f3 por unanimidad iniciar investigaci\u00f3n contra Yonhy Lescano por presunto acoso sexual contra una periodista.<\/span><\/p>\n<p><span style=\"color: #000000;\">Adem\u00e1s, acord\u00f3 citar a las partes involucradas a la sesi\u00f3n que se realizar\u00e1 el pr\u00f3ximo jueves 14 de marzo.<\/span><\/p>\n","protected":false},"excerpt":{"rendered":"<p>La periodista que denunci\u00f3 al congresista Yonhy Lescano por acoso sexual no est\u00e1 obligada a asistir a la Comisi\u00f3n de \u00c9tica Parlamentaria, inform\u00f3 su titular, Janet S\u00e1nchez. Lima, 05 de Marzo 2019, (ANDINA).- La periodista que denunci\u00f3 al congresista Yonhy Lescano por acoso sexual no est\u00e1 obligada a asistir a la Comisi\u00f3n de \u00c9tica Parlamentaria, [&hellip;]<\/p>\n","protected":false},"author":1,"featured_media":26911,"comment_status":"open","ping_status":"open","sticky":false,"template":"","format":"standard","meta":{"rop_custom_images_group":[],"rop_custom_messages_group":[],"rop_publish_now":"initial","rop_publish_now_accounts":[],"rop_publish_now_history":[],"rop_publish_now_status":"pending","footnotes":""},"categories":[5],"tags":[4255,192,4246,1357,475],"class_list":["post-45270","post","type-post","status-publish","format-standard","has-post-thumbnail","hentry","category-actualidad-informativa","tag-acoso-sexual","tag-congreso","tag-erick-sanchez","tag-janet-sanchez","tag-yonhy-lescano"],"_links":{"self":[{"href":"https:\/\/elinformanteperu.com\/index.php\/wp-json\/wp\/v2\/posts\/45270","targetHints":{"allow":["GET"]}}],"collection":[{"href":"https:\/\/elinformanteperu.com\/index.php\/wp-json\/wp\/v2\/posts"}],"about":[{"href":"https:\/\/elinformanteperu.com\/index.php\/wp-json\/wp\/v2\/types\/post"}],"author":[{"embeddable":true,"href":"https:\/\/elinformanteperu.com\/index.php\/wp-json\/wp\/v2\/users\/1"}],"replies":[{"embeddable":true,"href":"https:\/\/elinformanteperu.com\/index.php\/wp-json\/wp\/v2\/comments?post=45270"}],"version-history":[{"count":1,"href":"https:\/\/elinformanteperu.com\/index.php\/wp-json\/wp\/v2\/posts\/45270\/revisions"}],"predecessor-version":[{"id":45272,"href":"https:\/\/elinformanteperu.com\/index.php\/wp-json\/wp\/v2\/posts\/45270\/revisions\/45272"}],"wp:featuredmedia":[{"embeddable":true,"href":"https:\/\/elinformanteperu.com\/index.php\/wp-json\/wp\/v2\/media\/26911"}],"wp:attachment":[{"href":"https:\/\/elinformanteperu.com\/index.php\/wp-json\/wp\/v2\/media?parent=45270"}],"wp:term":[{"taxonomy":"category","embeddable":true,"href":"https:\/\/elinformanteperu.com\/index.php\/wp-json\/wp\/v2\/categories?post=45270"},{"taxonomy":"post_tag","embeddable":true,"href":"https:\/\/elinformanteperu.com\/index.php\/wp-json\/wp\/v2\/tags?post=45270"}],"curies":[{"name":"wp","href":"https:\/\/api.w.org\/{rel}","templated":true}]}}