{"id":45266,"date":"2019-03-06T06:50:40","date_gmt":"2019-03-06T11:50:40","guid":{"rendered":"http:\/\/elinformanteperu.com\/?p=45266"},"modified":"2019-03-06T07:14:10","modified_gmt":"2019-03-06T12:14:10","slug":"gilbert-violeta-y-juan-sheput-renunciaron-a-bancada-ppk-2","status":"publish","type":"post","link":"https:\/\/elinformanteperu.com\/index.php\/2019\/03\/06\/gilbert-violeta-y-juan-sheput-renunciaron-a-bancada-ppk-2\/","title":{"rendered":"Gilbert Violeta anuncia formaci\u00f3n de nueva bancada Contigo"},"content":{"rendered":"<p><strong><span style=\"color: #000000;\">El congresista Gilbert Violeta anunci\u00f3 el inicio del proceso de formaci\u00f3n de la bancada Contigo y dijo que consultar\u00e1 con algunos parlamentarios la creaci\u00f3n de esta nuevo grupo parlamentario.<\/span><\/strong><\/p>\n<p><span style=\"color: #000000;\"><strong>Lima, 05 de Marzo 2019, (ANDINA).-<\/strong> El congresista Gilbert Violeta anunci\u00f3 el inicio del proceso de formaci\u00f3n de la bancada Contigo y dijo que consultar\u00e1 con algunos de los actuales integrantes de Peruanos por el Kambio (PPK) para cristalizar la creaci\u00f3n de esta nuevo grupo parlamentario.<\/span><\/p>\n<p><span style=\"color: #000000;\">Esta tarde Violeta y Juan Sheput renunciaron a la bancada PPK, al indicar que no se prestar\u00edan a un futuro proceso de expulsi\u00f3n de la agrupaci\u00f3n que llev\u00f3 a Pedro Pablo Kuczynski al poder.<\/span><\/p>\n<p><span style=\"color: #000000;\">\u201cNosotros vamos a promover la formaci\u00f3n de una nueva bancada que es Contigo, en correlato al partido Contigo\u201d, manifest\u00f3 en declaraciones a Canal N.<\/span><\/p>\n<p><span style=\"color: #000000;\">En ese sentido, precis\u00f3 que se realizar\u00e1n todas las coordinaciones para \u201cretomar\u201d a algunos de los colegas que a\u00fan integran la bancada PPK.<\/span><\/p>\n<p><span style=\"color: #000000;\">\u201cEllos ser\u00e1n bienvenidos para integrar esta nueva bancada\u201d, se\u00f1al\u00f3.<\/span><\/p>\n<p><span style=\"color: #000000;\">[Lea tambi\u00e9n: Comisi\u00f3n de \u00c9tica aprueba iniciar indagaci\u00f3n preliminar contra Lescano]<\/span><\/p>\n<p><span style=\"color: #000000;\">Por su parte, el legislador Juan Sheput precis\u00f3 que no se iban a prestar a un \u201cmanoseo pol\u00edtico\u201d ante la negativa de la bancada PPK de otorgarles una licencia temporal.<\/span><\/p>\n<p><span style=\"color: #000000;\">\u201cLo \u00fanico que puedo decir es que la bancada de Peruanos por el Kambio es una bancada sin norte\u201d, asever\u00f3.<\/span><\/p>\n<p><span style=\"color: #000000;\">Asimismo, sostuvo que la decisi\u00f3n de cambiar el nombre a Contigo no fue tomada por \u201cun grupete\u201d de personas, sino de todos los integrantes de la agrupaci\u00f3n pol\u00edtica que llevaba por nombre Peruanos por el Kambio.<\/span><\/p>\n","protected":false},"excerpt":{"rendered":"<p>El congresista Gilbert Violeta anunci\u00f3 el inicio del proceso de formaci\u00f3n de la bancada Contigo y dijo que consultar\u00e1 con algunos parlamentarios la creaci\u00f3n de esta nuevo grupo parlamentario. Lima, 05 de Marzo 2019, (ANDINA).- El congresista Gilbert Violeta anunci\u00f3 el inicio del proceso de formaci\u00f3n de la bancada Contigo y dijo que consultar\u00e1 con [&hellip;]<\/p>\n","protected":false},"author":1,"featured_media":45268,"comment_status":"open","ping_status":"open","sticky":false,"template":"","format":"standard","meta":{"rop_custom_images_group":[],"rop_custom_messages_group":[],"rop_publish_now":"initial","rop_publish_now_accounts":[],"rop_publish_now_history":[],"rop_publish_now_status":"pending","footnotes":""},"categories":[5],"tags":[192,847,165,73],"class_list":["post-45266","post","type-post","status-publish","format-standard","has-post-thumbnail","hentry","category-actualidad-informativa","tag-congreso","tag-gilbert-violeta","tag-peruanos-por-el-kambio","tag-ppk"],"_links":{"self":[{"href":"https:\/\/elinformanteperu.com\/index.php\/wp-json\/wp\/v2\/posts\/45266","targetHints":{"allow":["GET"]}}],"collection":[{"href":"https:\/\/elinformanteperu.com\/index.php\/wp-json\/wp\/v2\/posts"}],"about":[{"href":"https:\/\/elinformanteperu.com\/index.php\/wp-json\/wp\/v2\/types\/post"}],"author":[{"embeddable":true,"href":"https:\/\/elinformanteperu.com\/index.php\/wp-json\/wp\/v2\/users\/1"}],"replies":[{"embeddable":true,"href":"https:\/\/elinformanteperu.com\/index.php\/wp-json\/wp\/v2\/comments?post=45266"}],"version-history":[{"count":2,"href":"https:\/\/elinformanteperu.com\/index.php\/wp-json\/wp\/v2\/posts\/45266\/revisions"}],"predecessor-version":[{"id":45289,"href":"https:\/\/elinformanteperu.com\/index.php\/wp-json\/wp\/v2\/posts\/45266\/revisions\/45289"}],"wp:featuredmedia":[{"embeddable":true,"href":"https:\/\/elinformanteperu.com\/index.php\/wp-json\/wp\/v2\/media\/45268"}],"wp:attachment":[{"href":"https:\/\/elinformanteperu.com\/index.php\/wp-json\/wp\/v2\/media?parent=45266"}],"wp:term":[{"taxonomy":"category","embeddable":true,"href":"https:\/\/elinformanteperu.com\/index.php\/wp-json\/wp\/v2\/categories?post=45266"},{"taxonomy":"post_tag","embeddable":true,"href":"https:\/\/elinformanteperu.com\/index.php\/wp-json\/wp\/v2\/tags?post=45266"}],"curies":[{"name":"wp","href":"https:\/\/api.w.org\/{rel}","templated":true}]}}