{"id":45260,"date":"2019-03-06T06:44:08","date_gmt":"2019-03-06T11:44:08","guid":{"rendered":"http:\/\/elinformanteperu.com\/?p=45260"},"modified":"2019-03-06T06:44:08","modified_gmt":"2019-03-06T11:44:08","slug":"lescano-dice-ser-victima-de-una-conspiracion-y-cortina-de-humo","status":"publish","type":"post","link":"https:\/\/elinformanteperu.com\/index.php\/2019\/03\/06\/lescano-dice-ser-victima-de-una-conspiracion-y-cortina-de-humo\/","title":{"rendered":"Lescano dice ser v\u00edctima de una \u201cconspiraci\u00f3n y cortina de humo\u201d"},"content":{"rendered":"<p><strong><span style=\"color: #000000;\">El legislador Yhony Lescano volvi\u00f3 a declararse inocente de la denuncia de acoso sexual formulada en su contra y atribuy\u00f3 esa acusaci\u00f3n a una \u201cconspiraci\u00f3n\u201d.<\/span><\/strong><\/p>\n<p><span style=\"color: #000000;\"><strong>Lima, 05 de Marzo 2019, (ANDINA).-<\/strong> El legislador Yhony Lescano volvi\u00f3 a declararse inocente de la denuncia de acoso sexual formulada en su contra y atribuy\u00f3 esa acusaci\u00f3n a una \u201cconspiraci\u00f3n\u201d cuyo objetivo es perjudicarlo pol\u00edticamente.<\/span><\/p>\n<p><span style=\"color: #000000;\">\u201cEs una conspiraci\u00f3n, una patra\u00f1a y una cortina de humo\u201d, manifest\u00f3 al defenderse ante la Comisi\u00f3n de \u00c9tica del Congreso que hoy aprob\u00f3 iniciar una investigaci\u00f3n preliminar en su contra por presuntamente haber acosado sexualmente a una periodista.<\/span><\/p>\n<p><span style=\"color: #000000;\">Seg\u00fan Lescano, el objetivo de la conspiraci\u00f3n es neutralizarlo pol\u00edticamente y evitar que contin\u00fae combatiendo a \u201clas mafias que operan en los \u00faltimos a\u00f1os\u201d en el pa\u00eds.<\/span><\/p>\n<p><span style=\"color: #000000;\">\u201cNo quieren que enfrente abusos del fujimorismo y del Apra que son socios en el Parlamento\u201d, a\u00f1adi\u00f3.<\/span><\/p>\n<p><span style=\"color: #000000;\">Consider\u00f3, adem\u00e1s, que detr\u00e1s de la denuncia est\u00e1n los \u201cgrupos econ\u00f3micos\u201d del pa\u00eds que no quieren la aprobaci\u00f3n de algunas leyes, como la norma que regula las ganancias de las Administradoras de Fondos de Pensiones (AFP).<\/span><\/p>\n<p><span style=\"color: #000000;\">El legislador de Acci\u00f3n Popular asegur\u00f3 que la denuncia ha sido construida con mensajes de whatsapp deliberadamente \u201ceditados, recortados y absolutamente incompletos\u201d con la finalidad de perjudicarlo.<\/span><\/p>\n<p><span style=\"color: #000000;\">Como prueba de la supuesta vinculaci\u00f3n del fujimorismo en este tema, record\u00f3 que el periodista Eric S\u00e1nchez, quien present\u00f3 los chats incriminadores, es cercano al partido Fuerza Popular.<\/span><\/p>\n<p><span style=\"color: #000000;\">En ese marco, Lescano neg\u00f3 ser un acosador y dijo que los chats completos, sin editar, respaldan su inocencia.<\/span><\/p>\n<p><span style=\"color: #000000;\">Asever\u00f3, adem\u00e1s, que sus derechos m\u00ednimos est\u00e1n siendo vulnerados, pues no ha recibido la acusaci\u00f3n formal, lo cual afecta su defensa y le impide conocer los t\u00e9rminos de la acusaci\u00f3n.<\/span><\/p>\n<p><span style=\"color: #000000;\">Seg\u00fan dijo, a pesar de considerar que la denuncia deber\u00eda ser archivada, dijo no temer a la investigaci\u00f3n.<\/span><\/p>\n<p><span style=\"color: #000000;\">Por la denuncia de acoso sexual, la Comisi\u00f3n de \u00c9tica podr\u00eda recomendar la suspensi\u00f3n de Lescano hasta por 120 d\u00edas, de encontrarlo responsable.<\/span><\/p>\n","protected":false},"excerpt":{"rendered":"<p>El legislador Yhony Lescano volvi\u00f3 a declararse inocente de la denuncia de acoso sexual formulada en su contra y atribuy\u00f3 esa acusaci\u00f3n a una \u201cconspiraci\u00f3n\u201d. Lima, 05 de Marzo 2019, (ANDINA).- El legislador Yhony Lescano volvi\u00f3 a declararse inocente de la denuncia de acoso sexual formulada en su contra y atribuy\u00f3 esa acusaci\u00f3n a una [&hellip;]<\/p>\n","protected":false},"author":1,"featured_media":35631,"comment_status":"open","ping_status":"open","sticky":false,"template":"","format":"standard","meta":{"rop_custom_images_group":[],"rop_custom_messages_group":[],"rop_publish_now":"initial","rop_publish_now_accounts":[],"rop_publish_now_history":[],"rop_publish_now_status":"pending","footnotes":""},"categories":[5],"tags":[4255,192,475],"class_list":["post-45260","post","type-post","status-publish","format-standard","has-post-thumbnail","hentry","category-actualidad-informativa","tag-acoso-sexual","tag-congreso","tag-yonhy-lescano"],"_links":{"self":[{"href":"https:\/\/elinformanteperu.com\/index.php\/wp-json\/wp\/v2\/posts\/45260","targetHints":{"allow":["GET"]}}],"collection":[{"href":"https:\/\/elinformanteperu.com\/index.php\/wp-json\/wp\/v2\/posts"}],"about":[{"href":"https:\/\/elinformanteperu.com\/index.php\/wp-json\/wp\/v2\/types\/post"}],"author":[{"embeddable":true,"href":"https:\/\/elinformanteperu.com\/index.php\/wp-json\/wp\/v2\/users\/1"}],"replies":[{"embeddable":true,"href":"https:\/\/elinformanteperu.com\/index.php\/wp-json\/wp\/v2\/comments?post=45260"}],"version-history":[{"count":1,"href":"https:\/\/elinformanteperu.com\/index.php\/wp-json\/wp\/v2\/posts\/45260\/revisions"}],"predecessor-version":[{"id":45262,"href":"https:\/\/elinformanteperu.com\/index.php\/wp-json\/wp\/v2\/posts\/45260\/revisions\/45262"}],"wp:featuredmedia":[{"embeddable":true,"href":"https:\/\/elinformanteperu.com\/index.php\/wp-json\/wp\/v2\/media\/35631"}],"wp:attachment":[{"href":"https:\/\/elinformanteperu.com\/index.php\/wp-json\/wp\/v2\/media?parent=45260"}],"wp:term":[{"taxonomy":"category","embeddable":true,"href":"https:\/\/elinformanteperu.com\/index.php\/wp-json\/wp\/v2\/categories?post=45260"},{"taxonomy":"post_tag","embeddable":true,"href":"https:\/\/elinformanteperu.com\/index.php\/wp-json\/wp\/v2\/tags?post=45260"}],"curies":[{"name":"wp","href":"https:\/\/api.w.org\/{rel}","templated":true}]}}